{"id":101,"date":"2012-12-19T08:21:00","date_gmt":"2012-12-19T08:21:00","guid":{"rendered":"http:\/\/oscarbribian.com\/?p=101"},"modified":"2012-12-19T08:21:00","modified_gmt":"2012-12-19T08:21:00","slug":"presentacion-de-espana-criminal","status":"publish","type":"post","link":"http:\/\/oscarbribian.com\/?p=101","title":{"rendered":"presentaci\u00f3n de Espa\u00f1a criminal"},"content":{"rendered":"<div>El pasado 12 de diciembre se present\u00f3 en FNAC de Zaragoza el estupendo libro <i>Espa\u00f1a criminal.<\/i>\u00a0Como autores anfitriones estuvimos Juan Bolea y yo. Ana Rosa Sanfeliu y Pablo Sebasti\u00e1 (quien adem\u00e1s de autor, es coordinador de la antolog\u00eda) estuvieron tambi\u00e9n presentes como autores levantinos. Adem\u00e1s de estos cuatro, hay once autores m\u00e1s que integran la antolog\u00eda de relatos de g\u00e9nero negro, que se est\u00e1 vendiendo francamente bien y est\u00e1 teniendo muy buena acogida.<\/div>\n<div><a href=\"https:\/\/i0.wp.com\/3.bp.blogspot.com\/-7goQL2-JNFQ\/UNDMA26K23I\/AAAAAAAAAWA\/0phwvmLuuBs\/s1600\/2012_dic_fnac_presentacionespa%C3%B1acriminal.jpg\" imageanchor=\"1\"><img data-recalc-dims=\"1\" loading=\"lazy\" decoding=\"async\" border=\"0\" height=\"300\" src=\"https:\/\/i0.wp.com\/3.bp.blogspot.com\/-7goQL2-JNFQ\/UNDMA26K23I\/AAAAAAAAAWA\/0phwvmLuuBs\/s400\/2012_dic_fnac_presentacionespa%C3%B1acriminal.jpg?resize=400%2C300\" width=\"400\"><\/a><\/div>\n<div>Pablo Sebasti\u00e1, Juan Bolea, Ana Rosa Sanfeliu y Oscar Bribi\u00e1n<\/div>\n<p><\/p>\n<div><a href=\"https:\/\/i0.wp.com\/2.bp.blogspot.com\/-OQlC4D0a5tI\/UNDM9otOPpI\/AAAAAAAAAWM\/PFKgUVP1XXc\/s1600\/2012_dic_fnac_presentacionpublico.jpg\" imageanchor=\"1\"><img data-recalc-dims=\"1\" loading=\"lazy\" decoding=\"async\" border=\"0\" height=\"297\" src=\"https:\/\/i0.wp.com\/2.bp.blogspot.com\/-OQlC4D0a5tI\/UNDM9otOPpI\/AAAAAAAAAWM\/PFKgUVP1XXc\/s400\/2012_dic_fnac_presentacionpublico.jpg?resize=400%2C297\" width=\"400\"><\/a><\/div>\n<div>P\u00fablico asistente en la sala de FNAC Zaragoza.<\/div>\n<div><\/div>\n<div><a href=\"https:\/\/i0.wp.com\/4.bp.blogspot.com\/-QuYWhOLCDTI\/UNDPLxM1cGI\/AAAAAAAAAW0\/6GULrfaad9Q\/s1600\/2012_dic_cena_teatroprincipal2.jpg\" imageanchor=\"1\"><img data-recalc-dims=\"1\" loading=\"lazy\" decoding=\"async\" border=\"0\" height=\"298\" src=\"https:\/\/i0.wp.com\/4.bp.blogspot.com\/-QuYWhOLCDTI\/UNDPLxM1cGI\/AAAAAAAAAW0\/6GULrfaad9Q\/s400\/2012_dic_cena_teatroprincipal2.jpg?resize=400%2C298\" width=\"400\"><\/a><\/div>\n<div>Foto totalmente natural&#8230; tomada en el Teatro Principal, donde cenamos tras la presentaci\u00f3n del libro en FNAC.<\/div>\n","protected":false},"excerpt":{"rendered":"<p>El pasado 12 de diciembre se present\u00f3 en FNAC de Zaragoza el estupendo libro Espa\u00f1a criminal.\u00a0Como autores anfitriones estuvimos Juan Bolea y yo. Ana Rosa Sanfeliu y Pablo Sebasti\u00e1 (quien adem\u00e1s de autor, es coordinador de la antolog\u00eda) estuvieron tambi\u00e9n &hellip; <a href=\"http:\/\/oscarbribian.com\/?p=101\">Sigue leyendo <span class=\"meta-nav\">&rarr;<\/span><\/a><\/p>\n","protected":false},"author":1,"featured_media":0,"comment_status":"open","ping_status":"open","sticky":false,"template":"","format":"standard","meta":{"jetpack_post_was_ever_published":false,"_jetpack_newsletter_access":"","_jetpack_dont_email_post_to_subs":false,"_jetpack_newsletter_tier_id":0,"_jetpack_memberships_contains_paywalled_content":false,"_jetpack_memberships_contains_paid_content":false,"footnotes":"","jetpack_publicize_message":"","jetpack_publicize_feature_enabled":true,"jetpack_social_post_already_shared":false,"jetpack_social_options":{"image_generator_settings":{"template":"highway","default_image_id":0,"font":"","enabled":false},"version":2}},"categories":[10,5,7],"tags":[],"class_list":["post-101","post","type-post","status-publish","format-standard","hentry","category-antologias","category-eventos","category-relatos"],"jetpack_publicize_connections":[],"jetpack_featured_media_url":"","jetpack_sharing_enabled":true,"jetpack_shortlink":"https:\/\/wp.me\/p9NjCT-1D","jetpack_likes_enabled":true,"jetpack-related-posts":[],"_links":{"self":[{"href":"http:\/\/oscarbribian.com\/index.php?rest_route=\/wp\/v2\/posts\/101","targetHints":{"allow":["GET"]}}],"collection":[{"href":"http:\/\/oscarbribian.com\/index.php?rest_route=\/wp\/v2\/posts"}],"about":[{"href":"http:\/\/oscarbribian.com\/index.php?rest_route=\/wp\/v2\/types\/post"}],"author":[{"embeddable":true,"href":"http:\/\/oscarbribian.com\/index.php?rest_route=\/wp\/v2\/users\/1"}],"replies":[{"embeddable":true,"href":"http:\/\/oscarbribian.com\/index.php?rest_route=%2Fwp%2Fv2%2Fcomments&post=101"}],"version-history":[{"count":0,"href":"http:\/\/oscarbribian.com\/index.php?rest_route=\/wp\/v2\/posts\/101\/revisions"}],"wp:attachment":[{"href":"http:\/\/oscarbribian.com\/index.php?rest_route=%2Fwp%2Fv2%2Fmedia&parent=101"}],"wp:term":[{"taxonomy":"category","embeddable":true,"href":"http:\/\/oscarbribian.com\/index.php?rest_route=%2Fwp%2Fv2%2Fcategories&post=101"},{"taxonomy":"post_tag","embeddable":true,"href":"http:\/\/oscarbribian.com\/index.php?rest_route=%2Fwp%2Fv2%2Ftags&post=101"}],"curies":[{"name":"wp","href":"https:\/\/api.w.org\/{rel}","templated":true}]}}