{"id":102,"date":"2012-12-18T20:02:00","date_gmt":"2012-12-18T20:02:00","guid":{"rendered":"http:\/\/oscarbribian.com\/?p=102"},"modified":"2012-12-18T20:02:00","modified_gmt":"2012-12-18T20:02:00","slug":"en-el-zulo-en-la-feria-del-comic-de-zaragoza-2012","status":"publish","type":"post","link":"http:\/\/oscarbribian.com\/?p=102","title":{"rendered":"&quot;En el zulo&quot; en la feria del c\u00f3mic de Zaragoza 2012"},"content":{"rendered":"<div>El pasado domingo por la tarde los hermanos Bribi\u00e1n estuvimos firmando ejemplares de <i><a href=\"http:\/\/enelzulocomic.blogspot.com.es\/\"><span>En el zulo<\/span><\/a><\/i> en el stand de FNAC, durante la feria del c\u00f3mic de Zaragoza. La verdad es que no estuvo nada mal, firmamos bastante mientras Carlos, el dibujante, llamaba la atenci\u00f3n con sus dibujos improvisados. Quiz\u00e1 la pr\u00f3xima feria me proponga llevar una antigua Olivetti para ir tecleando&#8230;<\/div>\n<div><\/div>\n<div><a href=\"https:\/\/i0.wp.com\/4.bp.blogspot.com\/-RA0zBA6oAeg\/UNDKTtt4_tI\/AAAAAAAAAVo\/Eo9G5fs_U90\/s1600\/2012_dic_saloncomiczaragoza.jpg\" imageanchor=\"1\"><img data-recalc-dims=\"1\" loading=\"lazy\" decoding=\"async\" border=\"0\" height=\"300\" src=\"https:\/\/i0.wp.com\/4.bp.blogspot.com\/-RA0zBA6oAeg\/UNDKTtt4_tI\/AAAAAAAAAVo\/Eo9G5fs_U90\/s400\/2012_dic_saloncomiczaragoza.jpg?resize=400%2C300\" width=\"400\"><\/a><\/div>\n<div>\u00a0Carlos (dibujante) y Oscar Bribi\u00e1n (guionista)<\/div>\n<div><\/div>\n<div><a href=\"https:\/\/i0.wp.com\/2.bp.blogspot.com\/-RcULqM-Yjgc\/UNDKVTacgII\/AAAAAAAAAVw\/mB7IU_q9N2w\/s1600\/saloncomic2012zaragozaconroberto.jpg\" imageanchor=\"1\"><img data-recalc-dims=\"1\" loading=\"lazy\" decoding=\"async\" border=\"0\" height=\"300\" src=\"https:\/\/i0.wp.com\/2.bp.blogspot.com\/-RcULqM-Yjgc\/UNDKVTacgII\/AAAAAAAAAVw\/mB7IU_q9N2w\/s400\/saloncomic2012zaragozaconroberto.jpg?resize=400%2C300\" width=\"400\"><\/a><\/div>\n<div>Junto a Roberto Malo (foto tomada con su c\u00e1mara, <i>of course<\/i>)<\/div>\n","protected":false},"excerpt":{"rendered":"<p>El pasado domingo por la tarde los hermanos Bribi\u00e1n estuvimos firmando ejemplares de En el zulo en el stand de FNAC, durante la feria del c\u00f3mic de Zaragoza. La verdad es que no estuvo nada mal, firmamos bastante mientras Carlos, &hellip; <a href=\"http:\/\/oscarbribian.com\/?p=102\">Sigue leyendo <span class=\"meta-nav\">&rarr;<\/span><\/a><\/p>\n","protected":false},"author":1,"featured_media":0,"comment_status":"open","ping_status":"open","sticky":false,"template":"","format":"standard","meta":{"jetpack_post_was_ever_published":false,"_jetpack_newsletter_access":"","_jetpack_dont_email_post_to_subs":false,"_jetpack_newsletter_tier_id":0,"_jetpack_memberships_contains_paywalled_content":false,"_jetpack_memberships_contains_paid_content":false,"footnotes":"","jetpack_publicize_message":"","jetpack_publicize_feature_enabled":true,"jetpack_social_post_already_shared":false,"jetpack_social_options":{"image_generator_settings":{"template":"highway","default_image_id":0,"font":"","enabled":false},"version":2}},"categories":[11,5],"tags":[],"class_list":["post-102","post","type-post","status-publish","format-standard","hentry","category-comic","category-eventos"],"jetpack_publicize_connections":[],"jetpack_featured_media_url":"","jetpack_sharing_enabled":true,"jetpack_shortlink":"https:\/\/wp.me\/p9NjCT-1E","jetpack_likes_enabled":true,"jetpack-related-posts":[],"_links":{"self":[{"href":"http:\/\/oscarbribian.com\/index.php?rest_route=\/wp\/v2\/posts\/102","targetHints":{"allow":["GET"]}}],"collection":[{"href":"http:\/\/oscarbribian.com\/index.php?rest_route=\/wp\/v2\/posts"}],"about":[{"href":"http:\/\/oscarbribian.com\/index.php?rest_route=\/wp\/v2\/types\/post"}],"author":[{"embeddable":true,"href":"http:\/\/oscarbribian.com\/index.php?rest_route=\/wp\/v2\/users\/1"}],"replies":[{"embeddable":true,"href":"http:\/\/oscarbribian.com\/index.php?rest_route=%2Fwp%2Fv2%2Fcomments&post=102"}],"version-history":[{"count":0,"href":"http:\/\/oscarbribian.com\/index.php?rest_route=\/wp\/v2\/posts\/102\/revisions"}],"wp:attachment":[{"href":"http:\/\/oscarbribian.com\/index.php?rest_route=%2Fwp%2Fv2%2Fmedia&parent=102"}],"wp:term":[{"taxonomy":"category","embeddable":true,"href":"http:\/\/oscarbribian.com\/index.php?rest_route=%2Fwp%2Fv2%2Fcategories&post=102"},{"taxonomy":"post_tag","embeddable":true,"href":"http:\/\/oscarbribian.com\/index.php?rest_route=%2Fwp%2Fv2%2Ftags&post=102"}],"curies":[{"name":"wp","href":"https:\/\/api.w.org\/{rel}","templated":true}]}}