{"id":1033,"date":"2015-01-22T21:26:30","date_gmt":"2015-01-22T20:26:30","guid":{"rendered":"http:\/\/oscarbribian.com\/?p=1033"},"modified":"2015-01-22T21:26:30","modified_gmt":"2015-01-22T20:26:30","slug":"zaragozabarcelona-retrato-en-negro","status":"publish","type":"post","link":"http:\/\/oscarbribian.com\/?p=1033","title":{"rendered":"Zaragoza\/Barcelona, retrato en negro"},"content":{"rendered":"<p>Ma\u00f1ana viernes 23 de enero\u00a0os espero en FNAC. All\u00ed tendremos un debate acerca de la realidad y la ficci\u00f3n en la novela negra, los recursos empleados, la ambientaci\u00f3n, los personajes, el tratamiento de\u00a0dos ciudades como Zaragoza y Barcelona en dos novelas que profundizan en la psicolog\u00eda humana y en la praxis policial real. Y, por supuesto, esperamos la participaci\u00f3n del p\u00fablico.<\/p>\n<p>19:30 h.<br \/>\nFNAC<br \/>\n\u201cZaragoza\/Barcelona: Retrato\u00a0en negro\u201d. Con Oscar Bribi\u00e1n y<br \/>\nEmpar Fern\u00e1ndez. Modera: David G.\u00a0Panadero.<\/p>\n<p><a href=\"https:\/\/i0.wp.com\/oscarbribian.com\/wp-content\/uploads\/2015\/01\/zaragoza-barcelona-FNAC.jpg\"><img data-recalc-dims=\"1\" loading=\"lazy\" decoding=\"async\" data-attachment-id=\"1027\" data-permalink=\"http:\/\/oscarbribian.com\/?attachment_id=1027\" data-orig-file=\"https:\/\/i0.wp.com\/oscarbribian.com\/wp-content\/uploads\/2015\/01\/zaragoza-barcelona-FNAC.jpg?fit=720%2C507\" data-orig-size=\"720,507\" data-comments-opened=\"1\" data-image-meta=\"{&quot;aperture&quot;:&quot;0&quot;,&quot;credit&quot;:&quot;&quot;,&quot;camera&quot;:&quot;&quot;,&quot;caption&quot;:&quot;&quot;,&quot;created_timestamp&quot;:&quot;0&quot;,&quot;copyright&quot;:&quot;&quot;,&quot;focal_length&quot;:&quot;0&quot;,&quot;iso&quot;:&quot;0&quot;,&quot;shutter_speed&quot;:&quot;0&quot;,&quot;title&quot;:&quot;&quot;,&quot;orientation&quot;:&quot;0&quot;}\" data-image-title=\"zaragoza barcelona FNAC\" data-image-description=\"\" data-image-caption=\"\" data-large-file=\"https:\/\/i0.wp.com\/oscarbribian.com\/wp-content\/uploads\/2015\/01\/zaragoza-barcelona-FNAC.jpg?fit=640%2C451\" class=\"alignnone size-full wp-image-1027\" src=\"https:\/\/i0.wp.com\/oscarbribian.com\/wp-content\/uploads\/2015\/01\/zaragoza-barcelona-FNAC.jpg?resize=640%2C451\" alt=\"zaragoza barcelona FNAC\" width=\"640\" height=\"451\" srcset=\"https:\/\/i0.wp.com\/oscarbribian.com\/wp-content\/uploads\/2015\/01\/zaragoza-barcelona-FNAC.jpg?w=720 720w, https:\/\/i0.wp.com\/oscarbribian.com\/wp-content\/uploads\/2015\/01\/zaragoza-barcelona-FNAC.jpg?resize=300%2C211 300w\" sizes=\"auto, (max-width: 640px) 100vw, 640px\" \/><\/a><\/p>\n","protected":false},"excerpt":{"rendered":"<p>Ma\u00f1ana viernes 23 de enero\u00a0os espero en FNAC. All\u00ed tendremos un debate acerca de la realidad y la ficci\u00f3n en la novela negra, los recursos empleados, la ambientaci\u00f3n, los personajes, el tratamiento de\u00a0dos ciudades como Zaragoza y Barcelona en dos &hellip; <a href=\"http:\/\/oscarbribian.com\/?p=1033\">Sigue leyendo <span class=\"meta-nav\">&rarr;<\/span><\/a><\/p>\n","protected":false},"author":1,"featured_media":0,"comment_status":"open","ping_status":"open","sticky":false,"template":"","format":"standard","meta":{"jetpack_post_was_ever_published":false,"_jetpack_newsletter_access":"","_jetpack_dont_email_post_to_subs":false,"_jetpack_newsletter_tier_id":0,"_jetpack_memberships_contains_paywalled_content":false,"_jetpack_memberships_contains_paid_content":false,"footnotes":"","jetpack_publicize_message":"","jetpack_publicize_feature_enabled":true,"jetpack_social_post_already_shared":false,"jetpack_social_options":{"image_generator_settings":{"template":"highway","default_image_id":0,"font":"","enabled":false},"version":2}},"categories":[14],"tags":[],"class_list":["post-1033","post","type-post","status-publish","format-standard","hentry","category-charlas-y-conferencias"],"jetpack_publicize_connections":[],"jetpack_featured_media_url":"","jetpack_sharing_enabled":true,"jetpack_shortlink":"https:\/\/wp.me\/p9NjCT-gF","jetpack_likes_enabled":true,"jetpack-related-posts":[],"_links":{"self":[{"href":"http:\/\/oscarbribian.com\/index.php?rest_route=\/wp\/v2\/posts\/1033","targetHints":{"allow":["GET"]}}],"collection":[{"href":"http:\/\/oscarbribian.com\/index.php?rest_route=\/wp\/v2\/posts"}],"about":[{"href":"http:\/\/oscarbribian.com\/index.php?rest_route=\/wp\/v2\/types\/post"}],"author":[{"embeddable":true,"href":"http:\/\/oscarbribian.com\/index.php?rest_route=\/wp\/v2\/users\/1"}],"replies":[{"embeddable":true,"href":"http:\/\/oscarbribian.com\/index.php?rest_route=%2Fwp%2Fv2%2Fcomments&post=1033"}],"version-history":[{"count":1,"href":"http:\/\/oscarbribian.com\/index.php?rest_route=\/wp\/v2\/posts\/1033\/revisions"}],"predecessor-version":[{"id":1034,"href":"http:\/\/oscarbribian.com\/index.php?rest_route=\/wp\/v2\/posts\/1033\/revisions\/1034"}],"wp:attachment":[{"href":"http:\/\/oscarbribian.com\/index.php?rest_route=%2Fwp%2Fv2%2Fmedia&parent=1033"}],"wp:term":[{"taxonomy":"category","embeddable":true,"href":"http:\/\/oscarbribian.com\/index.php?rest_route=%2Fwp%2Fv2%2Fcategories&post=1033"},{"taxonomy":"post_tag","embeddable":true,"href":"http:\/\/oscarbribian.com\/index.php?rest_route=%2Fwp%2Fv2%2Ftags&post=1033"}],"curies":[{"name":"wp","href":"https:\/\/api.w.org\/{rel}","templated":true}]}}