{"id":104,"date":"2012-11-22T12:27:00","date_gmt":"2012-11-22T12:27:00","guid":{"rendered":"http:\/\/oscarbribian.com\/?p=104"},"modified":"2012-11-22T12:27:00","modified_gmt":"2012-11-22T12:27:00","slug":"espana-criminal-de-gira","status":"publish","type":"post","link":"http:\/\/oscarbribian.com\/?p=104","title":{"rendered":"Espa\u00f1a criminal de gira"},"content":{"rendered":"<div>En breve comenzar\u00e1 a distribuirse en librer\u00edas el libro \u00abEspa\u00f1a criminal\u00bb.<\/div>\n<div>El libro contiene quince historias de g\u00e9nero negro de quince autores diferentes: Pedro Ugarte, Javier Ruiz Taboada, Jordi Sevilla, Agust\u00edn Pery, Fco. Fern\u00e1ndez Beltr\u00e1n, Claudio Cerd\u00e1n, Pedro Pablo G. May, Pablo Sebasti\u00e1, Juan Bolea, Luis Blanco Vald\u00e9s, Jorge Molina, Ana Rosa Sanfeliu, Suso Postigo, Juan Carlos Enrique Forcada y Oscar Bribi\u00e1n.<\/div>\n<div><\/div>\n<div><\/div>\n<div><a href=\"https:\/\/i0.wp.com\/4.bp.blogspot.com\/-HD8DcsHKdzs\/UKjUchRVahI\/AAAAAAAAAU8\/56U3vGFX2ic\/s1600\/espana%2Bcriminal.jpg\" imageanchor=\"1\"><img data-recalc-dims=\"1\" loading=\"lazy\" decoding=\"async\" border=\"0\" height=\"400\" src=\"https:\/\/i0.wp.com\/4.bp.blogspot.com\/-HD8DcsHKdzs\/UKjUchRVahI\/AAAAAAAAAU8\/56U3vGFX2ic\/s400\/espana%2Bcriminal.jpg?resize=285%2C400\" width=\"285\"><\/a><\/div>\n<p><\/p>\n<div><a href=\"https:\/\/i0.wp.com\/1.bp.blogspot.com\/-I09mci6w-fc\/UKjUdk4nL5I\/AAAAAAAAAVA\/hwNnh_W8PGo\/s1600\/espa%C3%B1a_criminal-contraportada2.jpg\" imageanchor=\"1\"><img data-recalc-dims=\"1\" loading=\"lazy\" decoding=\"async\" border=\"0\" height=\"400\" src=\"https:\/\/i0.wp.com\/1.bp.blogspot.com\/-I09mci6w-fc\/UKjUdk4nL5I\/AAAAAAAAAVA\/hwNnh_W8PGo\/s400\/espa%C3%B1a_criminal-contraportada2.jpg?resize=285%2C400\" width=\"285\"><\/a><\/div>\n<div><\/div>\n<p><\/p>\n","protected":false},"excerpt":{"rendered":"<p>En breve comenzar\u00e1 a distribuirse en librer\u00edas el libro \u00abEspa\u00f1a criminal\u00bb. El libro contiene quince historias de g\u00e9nero negro de quince autores diferentes: Pedro Ugarte, Javier Ruiz Taboada, Jordi Sevilla, Agust\u00edn Pery, Fco. Fern\u00e1ndez Beltr\u00e1n, Claudio Cerd\u00e1n, Pedro Pablo G. &hellip; <a href=\"http:\/\/oscarbribian.com\/?p=104\">Sigue leyendo <span class=\"meta-nav\">&rarr;<\/span><\/a><\/p>\n","protected":false},"author":1,"featured_media":0,"comment_status":"open","ping_status":"open","sticky":false,"template":"","format":"standard","meta":{"jetpack_post_was_ever_published":false,"_jetpack_newsletter_access":"","_jetpack_dont_email_post_to_subs":false,"_jetpack_newsletter_tier_id":0,"_jetpack_memberships_contains_paywalled_content":false,"_jetpack_memberships_contains_paid_content":false,"footnotes":"","jetpack_publicize_message":"","jetpack_publicize_feature_enabled":true,"jetpack_social_post_already_shared":false,"jetpack_social_options":{"image_generator_settings":{"template":"highway","default_image_id":0,"font":"","enabled":false},"version":2}},"categories":[10],"tags":[],"class_list":["post-104","post","type-post","status-publish","format-standard","hentry","category-antologias"],"jetpack_publicize_connections":[],"jetpack_featured_media_url":"","jetpack_sharing_enabled":true,"jetpack_shortlink":"https:\/\/wp.me\/p9NjCT-1G","jetpack_likes_enabled":true,"jetpack-related-posts":[],"_links":{"self":[{"href":"http:\/\/oscarbribian.com\/index.php?rest_route=\/wp\/v2\/posts\/104","targetHints":{"allow":["GET"]}}],"collection":[{"href":"http:\/\/oscarbribian.com\/index.php?rest_route=\/wp\/v2\/posts"}],"about":[{"href":"http:\/\/oscarbribian.com\/index.php?rest_route=\/wp\/v2\/types\/post"}],"author":[{"embeddable":true,"href":"http:\/\/oscarbribian.com\/index.php?rest_route=\/wp\/v2\/users\/1"}],"replies":[{"embeddable":true,"href":"http:\/\/oscarbribian.com\/index.php?rest_route=%2Fwp%2Fv2%2Fcomments&post=104"}],"version-history":[{"count":0,"href":"http:\/\/oscarbribian.com\/index.php?rest_route=\/wp\/v2\/posts\/104\/revisions"}],"wp:attachment":[{"href":"http:\/\/oscarbribian.com\/index.php?rest_route=%2Fwp%2Fv2%2Fmedia&parent=104"}],"wp:term":[{"taxonomy":"category","embeddable":true,"href":"http:\/\/oscarbribian.com\/index.php?rest_route=%2Fwp%2Fv2%2Fcategories&post=104"},{"taxonomy":"post_tag","embeddable":true,"href":"http:\/\/oscarbribian.com\/index.php?rest_route=%2Fwp%2Fv2%2Ftags&post=104"}],"curies":[{"name":"wp","href":"https:\/\/api.w.org\/{rel}","templated":true}]}}