{"id":1067,"date":"2015-06-11T23:02:26","date_gmt":"2015-06-11T21:02:26","guid":{"rendered":"http:\/\/oscarbribian.com\/?p=1067"},"modified":"2015-06-11T23:16:36","modified_gmt":"2015-06-11T21:16:36","slug":"el-depredador-en-la-feria-del-libro-de-madrid","status":"publish","type":"post","link":"http:\/\/oscarbribian.com\/?p=1067","title":{"rendered":"El depredador en la feria del libro de Madrid"},"content":{"rendered":"<p><span id=\"fbPhotoSnowliftCaption\" class=\"fbPhotosPhotoCaption\" tabindex=\"0\" data-ft=\"{&quot;tn&quot;:&quot;K&quot;}\"><span class=\"hasCaption\">\u00bfQu\u00e9 tiene en com\u00fan un poema de Leonard Cohen con un orgasmo por asfixia autoer\u00f3tica con resultado de muerte? Ven a descubrir las claves de \u00abEl sue\u00f1o del depredador\u00bb de la mano de su autor, <a href=\"https:\/\/www.facebook.com\/oscar.bribian\" data-hovercard=\"\/ajax\/hovercard\/user.php?id=1415234878&amp;extragetparams=%7B%22directed_target_id%22%3A0%7D\">Oscar Bribian<\/a>. En el vermut negro, el s\u00e1bado 13 a las 13h. en la caseta de Vers\u00e1til, la 348, junto a Alberto \u00c1vila, Lluc Oliveras y David G. Panadero.<\/span><\/span><\/p>\n<p>Adem\u00e1s, de 12:00 a 13:00 y por la tarde, de 17:00 a 18:00, estar\u00e9 firmando ejemplares en la misma caseta.\u00a0\u00a0\u00a1Os espero!<\/p>\n<p><a href=\"https:\/\/i0.wp.com\/oscarbribian.com\/wp-content\/uploads\/2015\/06\/2015_junio_feriadellibro-de-Madrid.jpg\"><img data-recalc-dims=\"1\" loading=\"lazy\" decoding=\"async\" data-attachment-id=\"1068\" data-permalink=\"http:\/\/oscarbribian.com\/?attachment_id=1068\" data-orig-file=\"https:\/\/i0.wp.com\/oscarbribian.com\/wp-content\/uploads\/2015\/06\/2015_junio_feriadellibro-de-Madrid.jpg?fit=676%2C960\" data-orig-size=\"676,960\" data-comments-opened=\"1\" data-image-meta=\"{&quot;aperture&quot;:&quot;0&quot;,&quot;credit&quot;:&quot;&quot;,&quot;camera&quot;:&quot;&quot;,&quot;caption&quot;:&quot;&quot;,&quot;created_timestamp&quot;:&quot;0&quot;,&quot;copyright&quot;:&quot;&quot;,&quot;focal_length&quot;:&quot;0&quot;,&quot;iso&quot;:&quot;0&quot;,&quot;shutter_speed&quot;:&quot;0&quot;,&quot;title&quot;:&quot;&quot;,&quot;orientation&quot;:&quot;0&quot;}\" data-image-title=\"2015_junio_feriadellibro de Madrid\" data-image-description=\"\" data-image-caption=\"\" data-large-file=\"https:\/\/i0.wp.com\/oscarbribian.com\/wp-content\/uploads\/2015\/06\/2015_junio_feriadellibro-de-Madrid.jpg?fit=640%2C909\" class=\"alignnone size-full wp-image-1068\" src=\"https:\/\/i0.wp.com\/oscarbribian.com\/wp-content\/uploads\/2015\/06\/2015_junio_feriadellibro-de-Madrid.jpg?resize=640%2C909\" alt=\"2015_junio_feriadellibro de Madrid\" width=\"640\" height=\"909\" srcset=\"https:\/\/i0.wp.com\/oscarbribian.com\/wp-content\/uploads\/2015\/06\/2015_junio_feriadellibro-de-Madrid.jpg?w=676 676w, https:\/\/i0.wp.com\/oscarbribian.com\/wp-content\/uploads\/2015\/06\/2015_junio_feriadellibro-de-Madrid.jpg?resize=211%2C300 211w\" sizes=\"auto, (max-width: 640px) 100vw, 640px\" \/><\/a><\/p>\n<p>&nbsp;<\/p>\n<p><a href=\"https:\/\/i0.wp.com\/oscarbribian.com\/wp-content\/uploads\/2015\/06\/2015_junio_feriadellibro-de-Madrid_firmas.jpg\"><img data-recalc-dims=\"1\" loading=\"lazy\" decoding=\"async\" data-attachment-id=\"1069\" data-permalink=\"http:\/\/oscarbribian.com\/?attachment_id=1069\" data-orig-file=\"https:\/\/i0.wp.com\/oscarbribian.com\/wp-content\/uploads\/2015\/06\/2015_junio_feriadellibro-de-Madrid_firmas.jpg?fit=391%2C555\" data-orig-size=\"391,555\" data-comments-opened=\"1\" data-image-meta=\"{&quot;aperture&quot;:&quot;0&quot;,&quot;credit&quot;:&quot;&quot;,&quot;camera&quot;:&quot;&quot;,&quot;caption&quot;:&quot;&quot;,&quot;created_timestamp&quot;:&quot;0&quot;,&quot;copyright&quot;:&quot;&quot;,&quot;focal_length&quot;:&quot;0&quot;,&quot;iso&quot;:&quot;0&quot;,&quot;shutter_speed&quot;:&quot;0&quot;,&quot;title&quot;:&quot;&quot;,&quot;orientation&quot;:&quot;0&quot;}\" data-image-title=\"2015_junio_feriadellibro de Madrid_firmas\" data-image-description=\"\" data-image-caption=\"\" data-large-file=\"https:\/\/i0.wp.com\/oscarbribian.com\/wp-content\/uploads\/2015\/06\/2015_junio_feriadellibro-de-Madrid_firmas.jpg?fit=391%2C555\" class=\"alignnone size-full wp-image-1069\" src=\"https:\/\/i0.wp.com\/oscarbribian.com\/wp-content\/uploads\/2015\/06\/2015_junio_feriadellibro-de-Madrid_firmas.jpg?resize=391%2C555\" alt=\"2015_junio_feriadellibro de Madrid_firmas\" width=\"391\" height=\"555\" srcset=\"https:\/\/i0.wp.com\/oscarbribian.com\/wp-content\/uploads\/2015\/06\/2015_junio_feriadellibro-de-Madrid_firmas.jpg?w=391 391w, https:\/\/i0.wp.com\/oscarbribian.com\/wp-content\/uploads\/2015\/06\/2015_junio_feriadellibro-de-Madrid_firmas.jpg?resize=211%2C300 211w\" sizes=\"auto, (max-width: 391px) 100vw, 391px\" \/><\/a><\/p>\n","protected":false},"excerpt":{"rendered":"<p>\u00bfQu\u00e9 tiene en com\u00fan un poema de Leonard Cohen con un orgasmo por asfixia autoer\u00f3tica con resultado de muerte? Ven a descubrir las claves de \u00abEl sue\u00f1o del depredador\u00bb de la mano de su autor, Oscar Bribian. En el vermut &hellip; <a href=\"http:\/\/oscarbribian.com\/?p=1067\">Sigue leyendo <span class=\"meta-nav\">&rarr;<\/span><\/a><\/p>\n","protected":false},"author":1,"featured_media":0,"comment_status":"open","ping_status":"open","sticky":false,"template":"","format":"standard","meta":{"jetpack_post_was_ever_published":false,"_jetpack_newsletter_access":"","_jetpack_dont_email_post_to_subs":false,"_jetpack_newsletter_tier_id":0,"_jetpack_memberships_contains_paywalled_content":false,"_jetpack_memberships_contains_paid_content":false,"footnotes":"","jetpack_publicize_message":"","jetpack_publicize_feature_enabled":true,"jetpack_social_post_already_shared":false,"jetpack_social_options":{"image_generator_settings":{"template":"highway","default_image_id":0,"font":"","enabled":false},"version":2}},"categories":[59,5],"tags":[],"class_list":["post-1067","post","type-post","status-publish","format-standard","hentry","category-el-sueno-del-depredador","category-eventos"],"jetpack_publicize_connections":[],"jetpack_featured_media_url":"","jetpack_sharing_enabled":true,"jetpack_shortlink":"https:\/\/wp.me\/p9NjCT-hd","jetpack_likes_enabled":true,"jetpack-related-posts":[],"_links":{"self":[{"href":"http:\/\/oscarbribian.com\/index.php?rest_route=\/wp\/v2\/posts\/1067","targetHints":{"allow":["GET"]}}],"collection":[{"href":"http:\/\/oscarbribian.com\/index.php?rest_route=\/wp\/v2\/posts"}],"about":[{"href":"http:\/\/oscarbribian.com\/index.php?rest_route=\/wp\/v2\/types\/post"}],"author":[{"embeddable":true,"href":"http:\/\/oscarbribian.com\/index.php?rest_route=\/wp\/v2\/users\/1"}],"replies":[{"embeddable":true,"href":"http:\/\/oscarbribian.com\/index.php?rest_route=%2Fwp%2Fv2%2Fcomments&post=1067"}],"version-history":[{"count":1,"href":"http:\/\/oscarbribian.com\/index.php?rest_route=\/wp\/v2\/posts\/1067\/revisions"}],"predecessor-version":[{"id":1070,"href":"http:\/\/oscarbribian.com\/index.php?rest_route=\/wp\/v2\/posts\/1067\/revisions\/1070"}],"wp:attachment":[{"href":"http:\/\/oscarbribian.com\/index.php?rest_route=%2Fwp%2Fv2%2Fmedia&parent=1067"}],"wp:term":[{"taxonomy":"category","embeddable":true,"href":"http:\/\/oscarbribian.com\/index.php?rest_route=%2Fwp%2Fv2%2Fcategories&post=1067"},{"taxonomy":"post_tag","embeddable":true,"href":"http:\/\/oscarbribian.com\/index.php?rest_route=%2Fwp%2Fv2%2Ftags&post=1067"}],"curies":[{"name":"wp","href":"https:\/\/api.w.org\/{rel}","templated":true}]}}