{"id":107,"date":"2012-08-03T07:00:00","date_gmt":"2012-08-03T07:00:00","guid":{"rendered":"http:\/\/oscarbribian.com\/?p=107"},"modified":"2012-08-03T07:00:00","modified_gmt":"2012-08-03T07:00:00","slug":"fotos-de-la-presentacion-en-la-fnac-de-zaragoza","status":"publish","type":"post","link":"http:\/\/oscarbribian.com\/?p=107","title":{"rendered":"Fotos de la presentaci\u00f3n en la FNAC de Zaragoza"},"content":{"rendered":"<p>Durante la presentaci\u00f3n que tuvo lugar e la FNAC de Zaragoza, los autores \u00d3scar Bribi\u00e1n (guionista) y Carlos Bribi\u00e1n (dibujante) presentamos el c\u00f3mic \u00abEn el zulo\u00bb, acompa\u00f1ados de Juan Royo, Premio Popular a la Divulgaci\u00f3n del C\u00f3mic en el 29\u00ba Sal\u00f3n Internacional del C\u00f3mic de Barcelona, quien hizo algunos acertados comentarios sobre la obra, como el paralelismo con la obra kafkiana \u00abLa metamorfosis\u00bb. A fin de cuentas, Gregorio S\u00e1nchez no deja de ser una proyecci\u00f3n de Gregor Samsa. Tambi\u00e9n nos acompa\u00f1\u00f3 el m\u00fasico Juan Cristellys, quien toc\u00f3 unos acordes durante mi lectura de algunos pasajes del relato que dio forma posteriormente al hom\u00f3nimo c\u00f3mic.<\/p>\n<div><a href=\"https:\/\/i0.wp.com\/2.bp.blogspot.com\/-ttZ6OgbwFW4\/UBtuPENYGqI\/AAAAAAAAATE\/bfi6t2obS18\/s1600\/487213_381877308542078_81269835_n.jpg\" imageanchor=\"1\"><img data-recalc-dims=\"1\" loading=\"lazy\" decoding=\"async\" border=\"0\" height=\"240\" src=\"https:\/\/i0.wp.com\/2.bp.blogspot.com\/-ttZ6OgbwFW4\/UBtuPENYGqI\/AAAAAAAAATE\/bfi6t2obS18\/s320\/487213_381877308542078_81269835_n.jpg?resize=320%2C240\" width=\"320\"><\/a><\/div>\n<div>\u00a0\u00d3scar Bribi\u00e1n (izquierda), Juan Royo (centro) y Carlos Bribi\u00e1n (derecha)<\/div>\n<div><a href=\"https:\/\/i0.wp.com\/4.bp.blogspot.com\/-PgEe0BZz1rw\/UBtuPjjE8WI\/AAAAAAAAATI\/Abktam5JulE\/s1600\/555537_381877215208754_1369115251_n.jpg\" imageanchor=\"1\"><img data-recalc-dims=\"1\" loading=\"lazy\" decoding=\"async\" border=\"0\" height=\"240\" src=\"https:\/\/i0.wp.com\/4.bp.blogspot.com\/-PgEe0BZz1rw\/UBtuPjjE8WI\/AAAAAAAAATI\/Abktam5JulE\/s320\/555537_381877215208754_1369115251_n.jpg?resize=320%2C240\" width=\"320\"><\/a><\/div>\n<p><\/p>\n<div><a href=\"https:\/\/i0.wp.com\/4.bp.blogspot.com\/-hep2SnPZvyQ\/UBtuQZQY5XI\/AAAAAAAAATQ\/oBu3mHlCcnk\/s1600\/557672_381877261875416_527562605_n.jpg\" imageanchor=\"1\"><img data-recalc-dims=\"1\" loading=\"lazy\" decoding=\"async\" border=\"0\" height=\"240\" src=\"https:\/\/i0.wp.com\/4.bp.blogspot.com\/-hep2SnPZvyQ\/UBtuQZQY5XI\/AAAAAAAAATQ\/oBu3mHlCcnk\/s320\/557672_381877261875416_527562605_n.jpg?resize=320%2C240\" width=\"320\"><\/a><\/div>\n<div>Juan Cristellys<\/p>\n<p>Os recuerdo que pod\u00e9is conseguir el c\u00f3mic en formato impreso a trav\u00e9s de la\u00a0<a href=\"http:\/\/sacodehuesos.com\/taradana\/en-el-zulo\">web de la editorial<\/a>. Tambi\u00e9n est\u00e1 disponible para el\u00a0<a href=\"http:\/\/www.amazon.es\/zulo-Saco-huesos-Ediciones-ebook\/dp\/B008FRWEGI\/ref=sr_1_4?ie=UTF8&#038;qid=1343975378&#038;sr=8-4\">Kindle de Amazon por solo 1,78 Euros.<\/a>\n<\/div>\n","protected":false},"excerpt":{"rendered":"<p>Durante la presentaci\u00f3n que tuvo lugar e la FNAC de Zaragoza, los autores \u00d3scar Bribi\u00e1n (guionista) y Carlos Bribi\u00e1n (dibujante) presentamos el c\u00f3mic \u00abEn el zulo\u00bb, acompa\u00f1ados de Juan Royo, Premio Popular a la Divulgaci\u00f3n del C\u00f3mic en el 29\u00ba &hellip; <a href=\"http:\/\/oscarbribian.com\/?p=107\">Sigue leyendo <span class=\"meta-nav\">&rarr;<\/span><\/a><\/p>\n","protected":false},"author":1,"featured_media":0,"comment_status":"open","ping_status":"open","sticky":false,"template":"","format":"standard","meta":{"jetpack_post_was_ever_published":false,"_jetpack_newsletter_access":"","_jetpack_dont_email_post_to_subs":false,"_jetpack_newsletter_tier_id":0,"_jetpack_memberships_contains_paywalled_content":false,"_jetpack_memberships_contains_paid_content":false,"footnotes":"","jetpack_publicize_message":"","jetpack_publicize_feature_enabled":true,"jetpack_social_post_already_shared":false,"jetpack_social_options":{"image_generator_settings":{"template":"highway","default_image_id":0,"font":"","enabled":false},"version":2}},"categories":[11,5],"tags":[],"class_list":["post-107","post","type-post","status-publish","format-standard","hentry","category-comic","category-eventos"],"jetpack_publicize_connections":[],"jetpack_featured_media_url":"","jetpack_sharing_enabled":true,"jetpack_shortlink":"https:\/\/wp.me\/p9NjCT-1J","jetpack_likes_enabled":true,"jetpack-related-posts":[],"_links":{"self":[{"href":"http:\/\/oscarbribian.com\/index.php?rest_route=\/wp\/v2\/posts\/107","targetHints":{"allow":["GET"]}}],"collection":[{"href":"http:\/\/oscarbribian.com\/index.php?rest_route=\/wp\/v2\/posts"}],"about":[{"href":"http:\/\/oscarbribian.com\/index.php?rest_route=\/wp\/v2\/types\/post"}],"author":[{"embeddable":true,"href":"http:\/\/oscarbribian.com\/index.php?rest_route=\/wp\/v2\/users\/1"}],"replies":[{"embeddable":true,"href":"http:\/\/oscarbribian.com\/index.php?rest_route=%2Fwp%2Fv2%2Fcomments&post=107"}],"version-history":[{"count":0,"href":"http:\/\/oscarbribian.com\/index.php?rest_route=\/wp\/v2\/posts\/107\/revisions"}],"wp:attachment":[{"href":"http:\/\/oscarbribian.com\/index.php?rest_route=%2Fwp%2Fv2%2Fmedia&parent=107"}],"wp:term":[{"taxonomy":"category","embeddable":true,"href":"http:\/\/oscarbribian.com\/index.php?rest_route=%2Fwp%2Fv2%2Fcategories&post=107"},{"taxonomy":"post_tag","embeddable":true,"href":"http:\/\/oscarbribian.com\/index.php?rest_route=%2Fwp%2Fv2%2Ftags&post=107"}],"curies":[{"name":"wp","href":"https:\/\/api.w.org\/{rel}","templated":true}]}}