{"id":1072,"date":"2015-06-23T12:09:08","date_gmt":"2015-06-23T10:09:08","guid":{"rendered":"http:\/\/oscarbribian.com\/?p=1072"},"modified":"2015-06-23T12:09:08","modified_gmt":"2015-06-23T10:09:08","slug":"el-sueno-del-depredador-en-la-feria-de-madrid-2015","status":"publish","type":"post","link":"http:\/\/oscarbribian.com\/?p=1072","title":{"rendered":"El sue\u00f1o del depredador en la Feria de Madrid 2015"},"content":{"rendered":"<p>El s\u00e1bado 13 de junio de 2015 fue un gran d\u00eda. Deb\u00eda firmar en la feria del libro madrile\u00f1a tanto por la ma\u00f1ana como por la tarde, participando adem\u00e1s a mediod\u00eda en un vermut informal, y la verdad es que mereci\u00f3 mucho la pena. Cog\u00ed el tren bien temprano para llegar a las 9:00 y visitar un rato el museo arqueol\u00f3gico, al que le ten\u00eda ganas y tendr\u00e9 que volver, porque solo pude contemplar sus salas dedicadas a la hispania prerromana. A destacar el Sepulcro de Pozo Moro, algunos adornos con metales preciosos y la gran cantidad de exvotos de bronce que se hallan expuestas (figurillas humanoides fundamentalmente).<\/p>\n<p><a href=\"https:\/\/i0.wp.com\/oscarbribian.com\/wp-content\/uploads\/2015\/06\/arqueologia-2015.jpg\"><img data-recalc-dims=\"1\" loading=\"lazy\" decoding=\"async\" data-attachment-id=\"1074\" data-permalink=\"http:\/\/oscarbribian.com\/?attachment_id=1074\" data-orig-file=\"https:\/\/i0.wp.com\/oscarbribian.com\/wp-content\/uploads\/2015\/06\/arqueologia-2015.jpg?fit=720%2C540\" data-orig-size=\"720,540\" data-comments-opened=\"1\" data-image-meta=\"{&quot;aperture&quot;:&quot;0&quot;,&quot;credit&quot;:&quot;&quot;,&quot;camera&quot;:&quot;&quot;,&quot;caption&quot;:&quot;&quot;,&quot;created_timestamp&quot;:&quot;0&quot;,&quot;copyright&quot;:&quot;&quot;,&quot;focal_length&quot;:&quot;0&quot;,&quot;iso&quot;:&quot;0&quot;,&quot;shutter_speed&quot;:&quot;0&quot;,&quot;title&quot;:&quot;&quot;,&quot;orientation&quot;:&quot;0&quot;}\" data-image-title=\"arqueologia 2015\" data-image-description=\"\" data-image-caption=\"\" data-large-file=\"https:\/\/i0.wp.com\/oscarbribian.com\/wp-content\/uploads\/2015\/06\/arqueologia-2015.jpg?fit=640%2C480\" class=\"alignnone size-full wp-image-1074\" src=\"https:\/\/i0.wp.com\/oscarbribian.com\/wp-content\/uploads\/2015\/06\/arqueologia-2015.jpg?resize=640%2C480\" alt=\"arqueologia 2015\" width=\"640\" height=\"480\" srcset=\"https:\/\/i0.wp.com\/oscarbribian.com\/wp-content\/uploads\/2015\/06\/arqueologia-2015.jpg?w=720 720w, https:\/\/i0.wp.com\/oscarbribian.com\/wp-content\/uploads\/2015\/06\/arqueologia-2015.jpg?resize=300%2C225 300w\" sizes=\"auto, (max-width: 640px) 100vw, 640px\" \/><\/a><\/p>\n<p>Luego, ya en la feria, en la caseta de Ediciones Vers\u00e1til, recib\u00ed a varios lectores interesados por el libro, pero sobre todo vinieron al encuentro un grupo de blogueras aficionadas a la literatura, quienes aprovechan cada cita madrile\u00f1a para reunirse y conseguir firmas de varios autores.<\/p>\n<p><a href=\"https:\/\/i0.wp.com\/oscarbribian.com\/wp-content\/uploads\/2015\/06\/feria-madrid-2015.jpg\"><img data-recalc-dims=\"1\" loading=\"lazy\" decoding=\"async\" data-attachment-id=\"1073\" data-permalink=\"http:\/\/oscarbribian.com\/?attachment_id=1073\" data-orig-file=\"https:\/\/i0.wp.com\/oscarbribian.com\/wp-content\/uploads\/2015\/06\/feria-madrid-2015.jpg?fit=960%2C720\" data-orig-size=\"960,720\" data-comments-opened=\"1\" data-image-meta=\"{&quot;aperture&quot;:&quot;0&quot;,&quot;credit&quot;:&quot;&quot;,&quot;camera&quot;:&quot;&quot;,&quot;caption&quot;:&quot;&quot;,&quot;created_timestamp&quot;:&quot;0&quot;,&quot;copyright&quot;:&quot;&quot;,&quot;focal_length&quot;:&quot;0&quot;,&quot;iso&quot;:&quot;0&quot;,&quot;shutter_speed&quot;:&quot;0&quot;,&quot;title&quot;:&quot;&quot;,&quot;orientation&quot;:&quot;0&quot;}\" data-image-title=\"feria madrid 2015\" data-image-description=\"\" data-image-caption=\"\" data-large-file=\"https:\/\/i0.wp.com\/oscarbribian.com\/wp-content\/uploads\/2015\/06\/feria-madrid-2015.jpg?fit=640%2C480\" class=\"alignnone size-full wp-image-1073\" src=\"https:\/\/i0.wp.com\/oscarbribian.com\/wp-content\/uploads\/2015\/06\/feria-madrid-2015.jpg?resize=640%2C480\" alt=\"feria madrid 2015\" width=\"640\" height=\"480\" srcset=\"https:\/\/i0.wp.com\/oscarbribian.com\/wp-content\/uploads\/2015\/06\/feria-madrid-2015.jpg?w=960 960w, https:\/\/i0.wp.com\/oscarbribian.com\/wp-content\/uploads\/2015\/06\/feria-madrid-2015.jpg?resize=300%2C225 300w\" sizes=\"auto, (max-width: 640px) 100vw, 640px\" \/><\/a><\/p>\n<p><a href=\"https:\/\/i0.wp.com\/oscarbribian.com\/wp-content\/uploads\/2015\/06\/vermut-negro-2015.jpg\"><img data-recalc-dims=\"1\" loading=\"lazy\" decoding=\"async\" data-attachment-id=\"1075\" data-permalink=\"http:\/\/oscarbribian.com\/?attachment_id=1075\" data-orig-file=\"https:\/\/i0.wp.com\/oscarbribian.com\/wp-content\/uploads\/2015\/06\/vermut-negro-2015.jpg?fit=640%2C480\" data-orig-size=\"640,480\" data-comments-opened=\"1\" data-image-meta=\"{&quot;aperture&quot;:&quot;0&quot;,&quot;credit&quot;:&quot;&quot;,&quot;camera&quot;:&quot;&quot;,&quot;caption&quot;:&quot;&quot;,&quot;created_timestamp&quot;:&quot;0&quot;,&quot;copyright&quot;:&quot;&quot;,&quot;focal_length&quot;:&quot;0&quot;,&quot;iso&quot;:&quot;0&quot;,&quot;shutter_speed&quot;:&quot;0&quot;,&quot;title&quot;:&quot;&quot;,&quot;orientation&quot;:&quot;0&quot;}\" data-image-title=\"vermut negro 2015\" data-image-description=\"\" data-image-caption=\"\" data-large-file=\"https:\/\/i0.wp.com\/oscarbribian.com\/wp-content\/uploads\/2015\/06\/vermut-negro-2015.jpg?fit=640%2C480\" class=\"alignnone size-full wp-image-1075\" src=\"https:\/\/i0.wp.com\/oscarbribian.com\/wp-content\/uploads\/2015\/06\/vermut-negro-2015.jpg?resize=640%2C480\" alt=\"vermut negro 2015\" width=\"640\" height=\"480\" srcset=\"https:\/\/i0.wp.com\/oscarbribian.com\/wp-content\/uploads\/2015\/06\/vermut-negro-2015.jpg?w=640 640w, https:\/\/i0.wp.com\/oscarbribian.com\/wp-content\/uploads\/2015\/06\/vermut-negro-2015.jpg?resize=300%2C225 300w\" sizes=\"auto, (max-width: 640px) 100vw, 640px\" \/><\/a><\/p>\n<p>Despu\u00e9s, un interesante vermut negro con la presencia de Alberto \u00c1vila y David G. Panadero, ante un nutrido grupo de lectores y colegas con quienes compartimos opiniones literarias. Luego la comida en un restaurante cercano y otra vez a firmar. L\u00e1stima que no tuve tiempo de pasarme por algunas casetas para saludar a compa\u00f1eros a quienes no veo desde hace tiempo. Espero organizarme mejor otro a\u00f1o.<\/p>\n","protected":false},"excerpt":{"rendered":"<p>El s\u00e1bado 13 de junio de 2015 fue un gran d\u00eda. Deb\u00eda firmar en la feria del libro madrile\u00f1a tanto por la ma\u00f1ana como por la tarde, participando adem\u00e1s a mediod\u00eda en un vermut informal, y la verdad es que &hellip; <a href=\"http:\/\/oscarbribian.com\/?p=1072\">Sigue leyendo <span class=\"meta-nav\">&rarr;<\/span><\/a><\/p>\n","protected":false},"author":1,"featured_media":0,"comment_status":"open","ping_status":"open","sticky":false,"template":"","format":"standard","meta":{"jetpack_post_was_ever_published":false,"_jetpack_newsletter_access":"","_jetpack_dont_email_post_to_subs":false,"_jetpack_newsletter_tier_id":0,"_jetpack_memberships_contains_paywalled_content":false,"_jetpack_memberships_contains_paid_content":false,"footnotes":"","jetpack_publicize_message":"","jetpack_publicize_feature_enabled":true,"jetpack_social_post_already_shared":false,"jetpack_social_options":{"image_generator_settings":{"template":"highway","default_image_id":0,"font":"","enabled":false},"version":2}},"categories":[5,61],"tags":[],"class_list":["post-1072","post","type-post","status-publish","format-standard","hentry","category-eventos","category-feria-del-libro"],"jetpack_publicize_connections":[],"jetpack_featured_media_url":"","jetpack_sharing_enabled":true,"jetpack_shortlink":"https:\/\/wp.me\/p9NjCT-hi","jetpack_likes_enabled":true,"jetpack-related-posts":[],"_links":{"self":[{"href":"http:\/\/oscarbribian.com\/index.php?rest_route=\/wp\/v2\/posts\/1072","targetHints":{"allow":["GET"]}}],"collection":[{"href":"http:\/\/oscarbribian.com\/index.php?rest_route=\/wp\/v2\/posts"}],"about":[{"href":"http:\/\/oscarbribian.com\/index.php?rest_route=\/wp\/v2\/types\/post"}],"author":[{"embeddable":true,"href":"http:\/\/oscarbribian.com\/index.php?rest_route=\/wp\/v2\/users\/1"}],"replies":[{"embeddable":true,"href":"http:\/\/oscarbribian.com\/index.php?rest_route=%2Fwp%2Fv2%2Fcomments&post=1072"}],"version-history":[{"count":1,"href":"http:\/\/oscarbribian.com\/index.php?rest_route=\/wp\/v2\/posts\/1072\/revisions"}],"predecessor-version":[{"id":1076,"href":"http:\/\/oscarbribian.com\/index.php?rest_route=\/wp\/v2\/posts\/1072\/revisions\/1076"}],"wp:attachment":[{"href":"http:\/\/oscarbribian.com\/index.php?rest_route=%2Fwp%2Fv2%2Fmedia&parent=1072"}],"wp:term":[{"taxonomy":"category","embeddable":true,"href":"http:\/\/oscarbribian.com\/index.php?rest_route=%2Fwp%2Fv2%2Fcategories&post=1072"},{"taxonomy":"post_tag","embeddable":true,"href":"http:\/\/oscarbribian.com\/index.php?rest_route=%2Fwp%2Fv2%2Ftags&post=1072"}],"curies":[{"name":"wp","href":"https:\/\/api.w.org\/{rel}","templated":true}]}}