{"id":1083,"date":"2015-08-21T11:51:51","date_gmt":"2015-08-21T09:51:51","guid":{"rendered":"http:\/\/oscarbribian.com\/?p=1083"},"modified":"2015-08-24T11:55:38","modified_gmt":"2015-08-24T09:55:38","slug":"iv-jornada-matarranya-negra-2015","status":"publish","type":"post","link":"http:\/\/oscarbribian.com\/?p=1083","title":{"rendered":"IV Jornada Matarranya Negra 2015"},"content":{"rendered":"<p>Pues eso, aqu\u00ed estaremos este s\u00e1bado. Un buen d\u00eda rodeado de colegas del g\u00e9nero negrocriminal. Pod\u00e9is acceder al enlace para saber m\u00e1s.<\/p>\n<p><a href=\"https:\/\/i0.wp.com\/oscarbribian.com\/wp-content\/uploads\/2015\/08\/matarranya_negra.jpg\"><img data-recalc-dims=\"1\" loading=\"lazy\" decoding=\"async\" data-attachment-id=\"1084\" data-permalink=\"http:\/\/oscarbribian.com\/?attachment_id=1084\" data-orig-file=\"https:\/\/i0.wp.com\/oscarbribian.com\/wp-content\/uploads\/2015\/08\/matarranya_negra.jpg?fit=320%2C453\" data-orig-size=\"320,453\" data-comments-opened=\"1\" data-image-meta=\"{&quot;aperture&quot;:&quot;0&quot;,&quot;credit&quot;:&quot;&quot;,&quot;camera&quot;:&quot;&quot;,&quot;caption&quot;:&quot;&quot;,&quot;created_timestamp&quot;:&quot;0&quot;,&quot;copyright&quot;:&quot;&quot;,&quot;focal_length&quot;:&quot;0&quot;,&quot;iso&quot;:&quot;0&quot;,&quot;shutter_speed&quot;:&quot;0&quot;,&quot;title&quot;:&quot;&quot;,&quot;orientation&quot;:&quot;0&quot;}\" data-image-title=\"matarranya_negra\" data-image-description=\"\" data-image-caption=\"\" data-large-file=\"https:\/\/i0.wp.com\/oscarbribian.com\/wp-content\/uploads\/2015\/08\/matarranya_negra.jpg?fit=320%2C453\" class=\"alignnone size-full wp-image-1084\" src=\"https:\/\/i0.wp.com\/oscarbribian.com\/wp-content\/uploads\/2015\/08\/matarranya_negra.jpg?resize=320%2C453\" alt=\"matarranya_negra\" width=\"320\" height=\"453\" srcset=\"https:\/\/i0.wp.com\/oscarbribian.com\/wp-content\/uploads\/2015\/08\/matarranya_negra.jpg?w=320 320w, https:\/\/i0.wp.com\/oscarbribian.com\/wp-content\/uploads\/2015\/08\/matarranya_negra.jpg?resize=212%2C300 212w\" sizes=\"auto, (max-width: 320px) 100vw, 320px\" \/><\/a><\/p>\n<p><a href=\"http:\/\/www.heraldo.es\/ocio\/mas\/teruel\/iv-jornada-matarranya-negra-valderrobres-22082015.html\" target=\"_blank\">http:\/\/www.heraldo.es\/ocio\/mas\/teruel\/iv-jornada-matarranya-negra-valderrobres-22082015.html<\/a><\/p>\n<p>&nbsp;<\/p>\n","protected":false},"excerpt":{"rendered":"<p>Pues eso, aqu\u00ed estaremos este s\u00e1bado. Un buen d\u00eda rodeado de colegas del g\u00e9nero negrocriminal. Pod\u00e9is acceder al enlace para saber m\u00e1s. http:\/\/www.heraldo.es\/ocio\/mas\/teruel\/iv-jornada-matarranya-negra-valderrobres-22082015.html &nbsp;<\/p>\n","protected":false},"author":1,"featured_media":0,"comment_status":"open","ping_status":"open","sticky":false,"template":"","format":"standard","meta":{"jetpack_post_was_ever_published":false,"_jetpack_newsletter_access":"","_jetpack_dont_email_post_to_subs":false,"_jetpack_newsletter_tier_id":0,"_jetpack_memberships_contains_paywalled_content":false,"_jetpack_memberships_contains_paid_content":false,"footnotes":"","jetpack_publicize_message":"","jetpack_publicize_feature_enabled":true,"jetpack_social_post_already_shared":false,"jetpack_social_options":{"image_generator_settings":{"template":"highway","default_image_id":0,"font":"","enabled":false},"version":2}},"categories":[5,61],"tags":[],"class_list":["post-1083","post","type-post","status-publish","format-standard","hentry","category-eventos","category-feria-del-libro"],"jetpack_publicize_connections":[],"jetpack_featured_media_url":"","jetpack_sharing_enabled":true,"jetpack_shortlink":"https:\/\/wp.me\/p9NjCT-ht","jetpack_likes_enabled":true,"jetpack-related-posts":[],"_links":{"self":[{"href":"http:\/\/oscarbribian.com\/index.php?rest_route=\/wp\/v2\/posts\/1083","targetHints":{"allow":["GET"]}}],"collection":[{"href":"http:\/\/oscarbribian.com\/index.php?rest_route=\/wp\/v2\/posts"}],"about":[{"href":"http:\/\/oscarbribian.com\/index.php?rest_route=\/wp\/v2\/types\/post"}],"author":[{"embeddable":true,"href":"http:\/\/oscarbribian.com\/index.php?rest_route=\/wp\/v2\/users\/1"}],"replies":[{"embeddable":true,"href":"http:\/\/oscarbribian.com\/index.php?rest_route=%2Fwp%2Fv2%2Fcomments&post=1083"}],"version-history":[{"count":3,"href":"http:\/\/oscarbribian.com\/index.php?rest_route=\/wp\/v2\/posts\/1083\/revisions"}],"predecessor-version":[{"id":1087,"href":"http:\/\/oscarbribian.com\/index.php?rest_route=\/wp\/v2\/posts\/1083\/revisions\/1087"}],"wp:attachment":[{"href":"http:\/\/oscarbribian.com\/index.php?rest_route=%2Fwp%2Fv2%2Fmedia&parent=1083"}],"wp:term":[{"taxonomy":"category","embeddable":true,"href":"http:\/\/oscarbribian.com\/index.php?rest_route=%2Fwp%2Fv2%2Fcategories&post=1083"},{"taxonomy":"post_tag","embeddable":true,"href":"http:\/\/oscarbribian.com\/index.php?rest_route=%2Fwp%2Fv2%2Ftags&post=1083"}],"curies":[{"name":"wp","href":"https:\/\/api.w.org\/{rel}","templated":true}]}}