{"id":1105,"date":"2016-04-26T01:06:19","date_gmt":"2016-04-25T23:06:19","guid":{"rendered":"http:\/\/oscarbribian.com\/?p=1105"},"modified":"2016-09-05T01:17:18","modified_gmt":"2016-09-04T23:17:18","slug":"entrevista-en-television-espanola","status":"publish","type":"post","link":"http:\/\/oscarbribian.com\/?p=1105","title":{"rendered":"Entrevista en Televisi\u00f3n Espa\u00f1ola"},"content":{"rendered":"<p>El pasado 22 de abril me entrevistaron para Televisi\u00f3n espa\u00f1ola (secci\u00f3n Arag\u00f3n) con ocasi\u00f3n del d\u00eda del libro. \u00abAutor de moda\u00bb, dicen. Igualito\u00a0que Ken Follet o Mar\u00eda Due\u00f1as, vamos,\u00a0si no fuera por algunos ceros. \ud83d\ude09<\/p>\n<p>Aqu\u00ed pod\u00e9is visualizar los 2 minutos que me dedicaron en el telediario del mediod\u00eda (a partir del minuto 8 del v\u00eddeo):<\/p>\n<p><a href=\"http:\/\/www.rtve.es\/alacarta\/videos\/noticias-aragon\/noticias-aragon-22-04-16\/3581066\/\">http:\/\/www.rtve.es\/alacarta\/videos\/noticias-aragon\/noticias-aragon-22-04-16\/3581066\/<\/a><\/p>\n<p><a href=\"https:\/\/i0.wp.com\/oscarbribian.com\/wp-content\/uploads\/2016\/09\/2016_abril_TVE-seccion-Aragon.jpg\"><img data-recalc-dims=\"1\" loading=\"lazy\" decoding=\"async\" data-attachment-id=\"1106\" data-permalink=\"http:\/\/oscarbribian.com\/?attachment_id=1106\" data-orig-file=\"https:\/\/i0.wp.com\/oscarbribian.com\/wp-content\/uploads\/2016\/09\/2016_abril_TVE-seccion-Aragon.jpg?fit=1238%2C697\" data-orig-size=\"1238,697\" data-comments-opened=\"1\" data-image-meta=\"{&quot;aperture&quot;:&quot;1.9&quot;,&quot;credit&quot;:&quot;&quot;,&quot;camera&quot;:&quot;SM-J500FN&quot;,&quot;caption&quot;:&quot;&quot;,&quot;created_timestamp&quot;:&quot;1473037547&quot;,&quot;copyright&quot;:&quot;&quot;,&quot;focal_length&quot;:&quot;3.7&quot;,&quot;iso&quot;:&quot;80&quot;,&quot;shutter_speed&quot;:&quot;0.03030303030303&quot;,&quot;title&quot;:&quot;&quot;,&quot;orientation&quot;:&quot;1&quot;}\" data-image-title=\"2016_abril_TVE seccion Aragon\" data-image-description=\"\" data-image-caption=\"\" data-large-file=\"https:\/\/i0.wp.com\/oscarbribian.com\/wp-content\/uploads\/2016\/09\/2016_abril_TVE-seccion-Aragon.jpg?fit=640%2C361\" class=\"alignnone size-full wp-image-1106\" src=\"https:\/\/i0.wp.com\/oscarbribian.com\/wp-content\/uploads\/2016\/09\/2016_abril_TVE-seccion-Aragon.jpg?resize=640%2C360\" alt=\"2016_abril_TVE seccion Aragon\" width=\"640\" height=\"360\" srcset=\"https:\/\/i0.wp.com\/oscarbribian.com\/wp-content\/uploads\/2016\/09\/2016_abril_TVE-seccion-Aragon.jpg?w=1238 1238w, https:\/\/i0.wp.com\/oscarbribian.com\/wp-content\/uploads\/2016\/09\/2016_abril_TVE-seccion-Aragon.jpg?resize=300%2C169 300w, https:\/\/i0.wp.com\/oscarbribian.com\/wp-content\/uploads\/2016\/09\/2016_abril_TVE-seccion-Aragon.jpg?resize=768%2C432 768w, https:\/\/i0.wp.com\/oscarbribian.com\/wp-content\/uploads\/2016\/09\/2016_abril_TVE-seccion-Aragon.jpg?resize=1024%2C577 1024w\" sizes=\"auto, (max-width: 640px) 100vw, 640px\" \/><\/a><\/p>\n","protected":false},"excerpt":{"rendered":"<p>El pasado 22 de abril me entrevistaron para Televisi\u00f3n espa\u00f1ola (secci\u00f3n Arag\u00f3n) con ocasi\u00f3n del d\u00eda del libro. \u00abAutor de moda\u00bb, dicen. Igualito\u00a0que Ken Follet o Mar\u00eda Due\u00f1as, vamos,\u00a0si no fuera por algunos ceros. \ud83d\ude09 Aqu\u00ed pod\u00e9is visualizar los 2 &hellip; <a href=\"http:\/\/oscarbribian.com\/?p=1105\">Sigue leyendo <span class=\"meta-nav\">&rarr;<\/span><\/a><\/p>\n","protected":false},"author":1,"featured_media":0,"comment_status":"open","ping_status":"open","sticky":false,"template":"","format":"standard","meta":{"jetpack_post_was_ever_published":false,"_jetpack_newsletter_access":"","_jetpack_dont_email_post_to_subs":false,"_jetpack_newsletter_tier_id":0,"_jetpack_memberships_contains_paywalled_content":false,"_jetpack_memberships_contains_paid_content":false,"footnotes":"","jetpack_publicize_message":"","jetpack_publicize_feature_enabled":true,"jetpack_social_post_already_shared":false,"jetpack_social_options":{"image_generator_settings":{"template":"highway","default_image_id":0,"font":"","enabled":false},"version":2}},"categories":[9,61],"tags":[],"class_list":["post-1105","post","type-post","status-publish","format-standard","hentry","category-entrevistas","category-feria-del-libro"],"jetpack_publicize_connections":[],"jetpack_featured_media_url":"","jetpack_sharing_enabled":true,"jetpack_shortlink":"https:\/\/wp.me\/p9NjCT-hP","jetpack_likes_enabled":true,"jetpack-related-posts":[],"_links":{"self":[{"href":"http:\/\/oscarbribian.com\/index.php?rest_route=\/wp\/v2\/posts\/1105","targetHints":{"allow":["GET"]}}],"collection":[{"href":"http:\/\/oscarbribian.com\/index.php?rest_route=\/wp\/v2\/posts"}],"about":[{"href":"http:\/\/oscarbribian.com\/index.php?rest_route=\/wp\/v2\/types\/post"}],"author":[{"embeddable":true,"href":"http:\/\/oscarbribian.com\/index.php?rest_route=\/wp\/v2\/users\/1"}],"replies":[{"embeddable":true,"href":"http:\/\/oscarbribian.com\/index.php?rest_route=%2Fwp%2Fv2%2Fcomments&post=1105"}],"version-history":[{"count":2,"href":"http:\/\/oscarbribian.com\/index.php?rest_route=\/wp\/v2\/posts\/1105\/revisions"}],"predecessor-version":[{"id":1108,"href":"http:\/\/oscarbribian.com\/index.php?rest_route=\/wp\/v2\/posts\/1105\/revisions\/1108"}],"wp:attachment":[{"href":"http:\/\/oscarbribian.com\/index.php?rest_route=%2Fwp%2Fv2%2Fmedia&parent=1105"}],"wp:term":[{"taxonomy":"category","embeddable":true,"href":"http:\/\/oscarbribian.com\/index.php?rest_route=%2Fwp%2Fv2%2Fcategories&post=1105"},{"taxonomy":"post_tag","embeddable":true,"href":"http:\/\/oscarbribian.com\/index.php?rest_route=%2Fwp%2Fv2%2Ftags&post=1105"}],"curies":[{"name":"wp","href":"https:\/\/api.w.org\/{rel}","templated":true}]}}