{"id":111,"date":"2012-06-04T11:10:00","date_gmt":"2012-06-04T11:10:00","guid":{"rendered":"http:\/\/oscarbribian.com\/?p=111"},"modified":"2012-06-04T11:10:00","modified_gmt":"2012-06-04T11:10:00","slug":"nuevas-leyendas-aragonesas-en-mezquita-de-jarque","status":"publish","type":"post","link":"http:\/\/oscarbribian.com\/?p=111","title":{"rendered":"Nuevas leyendas aragonesas en Mezquita de Jarque"},"content":{"rendered":"<div>Para el jueves 31 se anunciaba que algunos de los autores de \u00abNuevas leyendas aragonesas\u00bb \u00edbamos a acudir a Mezquita de Jarque, donde nos esperar\u00eda un elevado n\u00famero de lectores procedentes de varios centros de las Cuencas Mineras turolenses. Al final solo pudimos acudir Roberto Malo y yo.<\/div>\n<div><\/div>\n<div><a href=\"https:\/\/i0.wp.com\/1.bp.blogspot.com\/-Tm81TqoYaJ8\/T8ySdQL-bbI\/AAAAAAAAAO8\/Yra8733ysz0\/s1600\/526096_3228353995715_523854524_n.jpg\" imageanchor=\"1\"><img data-recalc-dims=\"1\" loading=\"lazy\" decoding=\"async\" border=\"0\" height=\"283\" src=\"https:\/\/i0.wp.com\/1.bp.blogspot.com\/-Tm81TqoYaJ8\/T8ySdQL-bbI\/AAAAAAAAAO8\/Yra8733ysz0\/s400\/526096_3228353995715_523854524_n.jpg?resize=400%2C283\" width=\"400\"><\/a><\/div>\n<div>Cartel del evento.<\/div>\n<div><\/div>\n<div><a href=\"https:\/\/i0.wp.com\/3.bp.blogspot.com\/-gsjgIJL1Jjk\/T8ySex5eN4I\/AAAAAAAAAPE\/3ndmGxAJhNE\/s1600\/IMG_3562.jpg\" imageanchor=\"1\"><img data-recalc-dims=\"1\" loading=\"lazy\" decoding=\"async\" border=\"0\" height=\"240\" src=\"https:\/\/i0.wp.com\/3.bp.blogspot.com\/-gsjgIJL1Jjk\/T8ySex5eN4I\/AAAAAAAAAPE\/3ndmGxAJhNE\/s320\/IMG_3562.jpg?resize=320%2C240\" width=\"320\"><\/a><\/div>\n<div><\/div>\n<div>Incre\u00edble. Entre profesores y alumnos (todos lectores) de los centros culturales, hab\u00edan preparado diversas actividades, como el \u00abPasapalabra\u00bb con muchas preguntas acerca del libro. Tambi\u00e9n hubo una resumida dramatizaci\u00f3n con m\u00fasica de la historia de David Jasso, \u00abHijos del hielo\u00bb.\u00a0<span><\/span>\n<\/div>\n<div><\/div>\n<div><a href=\"https:\/\/i0.wp.com\/4.bp.blogspot.com\/-22qEZqyxxJg\/T8yUrJgXP8I\/AAAAAAAAAPs\/1_I3nHd8eyQ\/s1600\/IMG_3555.jpg\" imageanchor=\"1\"><img data-recalc-dims=\"1\" loading=\"lazy\" decoding=\"async\" border=\"0\" height=\"240\" src=\"https:\/\/i0.wp.com\/4.bp.blogspot.com\/-22qEZqyxxJg\/T8yUrJgXP8I\/AAAAAAAAAPs\/1_I3nHd8eyQ\/s320\/IMG_3555.jpg?resize=320%2C240\" width=\"320\"><\/a><\/div>\n<div>Imagen de los v\u00eddeos dedicados a cada uno de los relatos, con voz y m\u00fasica. En este caso, una fotograf\u00eda del interior de la Casa Grande de la baron\u00eda de Escriche.<\/div>\n<div><\/div>\n<div>\n<a href=\"https:\/\/i0.wp.com\/1.bp.blogspot.com\/-7v-ozKJ7YvU\/T8ySmPrt-lI\/AAAAAAAAAPk\/Q5J_L9yEPxM\/s1600\/IMG_3591.jpg\" imageanchor=\"1\"><img data-recalc-dims=\"1\" loading=\"lazy\" decoding=\"async\" border=\"0\" height=\"240\" src=\"https:\/\/i0.wp.com\/1.bp.blogspot.com\/-7v-ozKJ7YvU\/T8ySmPrt-lI\/AAAAAAAAAPk\/Q5J_L9yEPxM\/s320\/IMG_3591.jpg?resize=320%2C240\" width=\"320\"><\/a><a href=\"https:\/\/i0.wp.com\/4.bp.blogspot.com\/-SquC2QjL52g\/T8yWG6sCpJI\/AAAAAAAAAP8\/xI_K0rkZ1Eg\/s1600\/IMG_3592.jpg\" imageanchor=\"1\"><img data-recalc-dims=\"1\" loading=\"lazy\" decoding=\"async\" border=\"0\" height=\"240\" src=\"https:\/\/i0.wp.com\/4.bp.blogspot.com\/-SquC2QjL52g\/T8yWG6sCpJI\/AAAAAAAAAP8\/xI_K0rkZ1Eg\/s320\/IMG_3592.jpg?resize=320%2C240\" width=\"320\"><\/a>\n<\/div>\n<div><\/div>\n<div>Tambi\u00e9n se mostraron murales con fragmentos de las narraciones e im\u00e1genes ilustrativas. Un gran trabajo.<\/div>\n<div><\/div>\n<div><\/div>\n<div>\n<a href=\"http:\/\/1.bp.blogspot.com\/-fXEiERDr6SU\/T8ySivhZ_aI\/AAAAAAAAAPU\/zwPYvLRc2IU\/s1600\/IMG_3583.jpg\" imageanchor=\"1\"><\/a><a href=\"https:\/\/i0.wp.com\/1.bp.blogspot.com\/-fXEiERDr6SU\/T8ySivhZ_aI\/AAAAAAAAAPU\/zwPYvLRc2IU\/s1600\/IMG_3583.jpg\" imageanchor=\"1\"><img data-recalc-dims=\"1\" loading=\"lazy\" decoding=\"async\" border=\"0\" height=\"300\" src=\"https:\/\/i0.wp.com\/1.bp.blogspot.com\/-fXEiERDr6SU\/T8ySivhZ_aI\/AAAAAAAAAPU\/zwPYvLRc2IU\/s400\/IMG_3583.jpg?resize=400%2C300\" width=\"400\"><\/a>\n<\/div>\n<p><\/p>\n<div><\/div>\n<div>Foto donde puede verse parte de la multitud que acudi\u00f3 al evento, en el polideportivo. Casi centenar y medio de personas. Los asistentes llevaban su libro en la mano.<\/div>\n<div><\/div>\n<div><a href=\"https:\/\/i0.wp.com\/1.bp.blogspot.com\/-TigOaMnomf8\/T8yShEiPiCI\/AAAAAAAAAPM\/R7tZ50HU12o\/s1600\/IMG_3582.jpg\" imageanchor=\"1\"><img data-recalc-dims=\"1\" loading=\"lazy\" decoding=\"async\" border=\"0\" height=\"240\" src=\"https:\/\/i0.wp.com\/1.bp.blogspot.com\/-TigOaMnomf8\/T8yShEiPiCI\/AAAAAAAAAPM\/R7tZ50HU12o\/s320\/IMG_3582.jpg?resize=320%2C240\" width=\"320\"><\/a><\/div>\n<div><\/div>\n<div>Roberto malo y \u00d3scar Bribi\u00e1n gozando ante semejante concurrencia. Hablamos de nuestras historias y de la de nuestros compa\u00f1eros, tambi\u00e9n explicamos la g\u00e9nesis del libro y las trayectorias literarias de los seis, y resolvimos multitud de cuestiones planteadas por los lectores.\u00a0<\/div>\n<div><\/div>\n<div><a href=\"https:\/\/i0.wp.com\/2.bp.blogspot.com\/-wEES94qpJRM\/T8ySkWOkk7I\/AAAAAAAAAPc\/Qth1qm_oY-Y\/s1600\/IMG_3589.jpg\" imageanchor=\"1\"><img data-recalc-dims=\"1\" loading=\"lazy\" decoding=\"async\" border=\"0\" height=\"240\" src=\"https:\/\/i0.wp.com\/2.bp.blogspot.com\/-wEES94qpJRM\/T8ySkWOkk7I\/AAAAAAAAAPc\/Qth1qm_oY-Y\/s320\/IMG_3589.jpg?resize=320%2C240\" width=\"320\"><\/a><\/div>\n<div><\/div>\n<div>R\u00e9cord de firmas. M\u00e1s de un centenar en fila india. Riesgo de tendinitis de mu\u00f1eca.<\/div>\n<div><\/div>\n<div>En resumen, un d\u00eda inolvidable. El apoyo y el recibimiento fueron enormes y nos marchamos muy contentos, alentados por la implicaci\u00f3n y el entusiasmo de los lectores. \u00a1Muchas gracias a todos!<\/div>\n<div><\/div>\n<div>Fotograf\u00edas extra\u00eddas del blog de <a href=\"http:\/\/www.robertomalo.blogspot.com.es\/\">Roberto Malo<\/a>, autor que siempre lleva su c\u00e1mara a cuestas.<\/div>\n","protected":false},"excerpt":{"rendered":"<p>Para el jueves 31 se anunciaba que algunos de los autores de \u00abNuevas leyendas aragonesas\u00bb \u00edbamos a acudir a Mezquita de Jarque, donde nos esperar\u00eda un elevado n\u00famero de lectores procedentes de varios centros de las Cuencas Mineras turolenses. Al &hellip; <a href=\"http:\/\/oscarbribian.com\/?p=111\">Sigue leyendo <span class=\"meta-nav\">&rarr;<\/span><\/a><\/p>\n","protected":false},"author":1,"featured_media":0,"comment_status":"open","ping_status":"open","sticky":false,"template":"","format":"standard","meta":{"jetpack_post_was_ever_published":false,"_jetpack_newsletter_access":"","_jetpack_dont_email_post_to_subs":false,"_jetpack_newsletter_tier_id":0,"_jetpack_memberships_contains_paywalled_content":false,"_jetpack_memberships_contains_paid_content":false,"footnotes":"","jetpack_publicize_message":"","jetpack_publicize_feature_enabled":true,"jetpack_social_post_already_shared":false,"jetpack_social_options":{"image_generator_settings":{"template":"highway","default_image_id":0,"font":"","enabled":false},"version":2}},"categories":[10,5,12],"tags":[],"class_list":["post-111","post","type-post","status-publish","format-standard","hentry","category-antologias","category-eventos","category-nuevas-leyendas-aragonesas"],"jetpack_publicize_connections":[],"jetpack_featured_media_url":"","jetpack_sharing_enabled":true,"jetpack_shortlink":"https:\/\/wp.me\/p9NjCT-1N","jetpack_likes_enabled":true,"jetpack-related-posts":[],"_links":{"self":[{"href":"http:\/\/oscarbribian.com\/index.php?rest_route=\/wp\/v2\/posts\/111","targetHints":{"allow":["GET"]}}],"collection":[{"href":"http:\/\/oscarbribian.com\/index.php?rest_route=\/wp\/v2\/posts"}],"about":[{"href":"http:\/\/oscarbribian.com\/index.php?rest_route=\/wp\/v2\/types\/post"}],"author":[{"embeddable":true,"href":"http:\/\/oscarbribian.com\/index.php?rest_route=\/wp\/v2\/users\/1"}],"replies":[{"embeddable":true,"href":"http:\/\/oscarbribian.com\/index.php?rest_route=%2Fwp%2Fv2%2Fcomments&post=111"}],"version-history":[{"count":0,"href":"http:\/\/oscarbribian.com\/index.php?rest_route=\/wp\/v2\/posts\/111\/revisions"}],"wp:attachment":[{"href":"http:\/\/oscarbribian.com\/index.php?rest_route=%2Fwp%2Fv2%2Fmedia&parent=111"}],"wp:term":[{"taxonomy":"category","embeddable":true,"href":"http:\/\/oscarbribian.com\/index.php?rest_route=%2Fwp%2Fv2%2Fcategories&post=111"},{"taxonomy":"post_tag","embeddable":true,"href":"http:\/\/oscarbribian.com\/index.php?rest_route=%2Fwp%2Fv2%2Ftags&post=111"}],"curies":[{"name":"wp","href":"https:\/\/api.w.org\/{rel}","templated":true}]}}