{"id":113,"date":"2012-05-31T07:38:00","date_gmt":"2012-05-31T07:38:00","guid":{"rendered":"http:\/\/oscarbribian.com\/?p=113"},"modified":"2012-05-31T07:38:00","modified_gmt":"2012-05-31T07:38:00","slug":"insomnia-en-la-feria-del-libro","status":"publish","type":"post","link":"http:\/\/oscarbribian.com\/?p=113","title":{"rendered":"Insomnia en la Feria del libro"},"content":{"rendered":"<p>Esta semana comenzar\u00e1 la Feria del Libro de Zaragoza, que tendr\u00e1 lugar del d\u00eda 1 al 10 de junio en la Plaza de Arag\u00f3n. Aqu\u00ed se puede ver el programa completo:<\/p>\n<p><a href=\"http:\/\/www.feriadellibrodezaragoza.com\/\">http:\/\/www.feriadellibrodezaragoza.com<\/a><\/p>\n<p>El mi\u00e9rcoles 6 de junio, a las 20:00 h. en el edificio de Capitan\u00eda (Plaza Arag\u00f3n), presentar\u00e9 el libro <i><b>Insomnia <\/b><\/i>junto a\u00a0David Jasso, Roberto Malo, Ferm\u00edn Moreno y Jos\u00e9 Mar\u00eda Tamparillas. El libro es una antolog\u00eda de relatos de terror de miembros de <a href=\"http:\/\/www.nocte.es\/\">Nocte<\/a>.<\/p>\n<div><a href=\"https:\/\/i0.wp.com\/2.bp.blogspot.com\/-bUnfUNV9Iwc\/T8cfRFsD4tI\/AAAAAAAAAng\/zjX9Q4M4ffE\/s1600\/insomnia.jpg\" imageanchor=\"1\"><img data-recalc-dims=\"1\" loading=\"lazy\" decoding=\"async\" border=\"0\" height=\"400\" src=\"https:\/\/i0.wp.com\/2.bp.blogspot.com\/-bUnfUNV9Iwc\/T8cfRFsD4tI\/AAAAAAAAAng\/zjX9Q4M4ffE\/s400\/insomnia.jpg?resize=276%2C400\" width=\"276\"><\/a><\/div>\n<p>Adem\u00e1s, estar\u00e9 presente firmando libros en los stands los siguientes d\u00edas de la feria:<\/p>\n<p>Mi\u00e9rcoles 6 de junio, en horario de tarde<br \/>Caseta de Mira editores<\/p>\n<p>S\u00e1bado 9 de junio<br \/>12:00 a 14:00 h. Caseta de Grupo H\u00e9lice.<\/p>\n","protected":false},"excerpt":{"rendered":"<p>Esta semana comenzar\u00e1 la Feria del Libro de Zaragoza, que tendr\u00e1 lugar del d\u00eda 1 al 10 de junio en la Plaza de Arag\u00f3n. Aqu\u00ed se puede ver el programa completo: http:\/\/www.feriadellibrodezaragoza.com El mi\u00e9rcoles 6 de junio, a las 20:00 &hellip; <a href=\"http:\/\/oscarbribian.com\/?p=113\">Sigue leyendo <span class=\"meta-nav\">&rarr;<\/span><\/a><\/p>\n","protected":false},"author":1,"featured_media":0,"comment_status":"open","ping_status":"open","sticky":false,"template":"","format":"standard","meta":{"jetpack_post_was_ever_published":false,"_jetpack_newsletter_access":"","_jetpack_dont_email_post_to_subs":false,"_jetpack_newsletter_tier_id":0,"_jetpack_memberships_contains_paywalled_content":false,"_jetpack_memberships_contains_paid_content":false,"footnotes":"","jetpack_publicize_message":"","jetpack_publicize_feature_enabled":true,"jetpack_social_post_already_shared":false,"jetpack_social_options":{"image_generator_settings":{"template":"highway","default_image_id":0,"font":"","enabled":false},"version":2}},"categories":[10,5,6],"tags":[],"class_list":["post-113","post","type-post","status-publish","format-standard","hentry","category-antologias","category-eventos","category-publicaciones"],"jetpack_publicize_connections":[],"jetpack_featured_media_url":"","jetpack_sharing_enabled":true,"jetpack_shortlink":"https:\/\/wp.me\/p9NjCT-1P","jetpack_likes_enabled":true,"jetpack-related-posts":[],"_links":{"self":[{"href":"http:\/\/oscarbribian.com\/index.php?rest_route=\/wp\/v2\/posts\/113","targetHints":{"allow":["GET"]}}],"collection":[{"href":"http:\/\/oscarbribian.com\/index.php?rest_route=\/wp\/v2\/posts"}],"about":[{"href":"http:\/\/oscarbribian.com\/index.php?rest_route=\/wp\/v2\/types\/post"}],"author":[{"embeddable":true,"href":"http:\/\/oscarbribian.com\/index.php?rest_route=\/wp\/v2\/users\/1"}],"replies":[{"embeddable":true,"href":"http:\/\/oscarbribian.com\/index.php?rest_route=%2Fwp%2Fv2%2Fcomments&post=113"}],"version-history":[{"count":0,"href":"http:\/\/oscarbribian.com\/index.php?rest_route=\/wp\/v2\/posts\/113\/revisions"}],"wp:attachment":[{"href":"http:\/\/oscarbribian.com\/index.php?rest_route=%2Fwp%2Fv2%2Fmedia&parent=113"}],"wp:term":[{"taxonomy":"category","embeddable":true,"href":"http:\/\/oscarbribian.com\/index.php?rest_route=%2Fwp%2Fv2%2Fcategories&post=113"},{"taxonomy":"post_tag","embeddable":true,"href":"http:\/\/oscarbribian.com\/index.php?rest_route=%2Fwp%2Fv2%2Ftags&post=113"}],"curies":[{"name":"wp","href":"https:\/\/api.w.org\/{rel}","templated":true}]}}