{"id":116,"date":"2011-12-01T08:51:00","date_gmt":"2011-12-01T08:51:00","guid":{"rendered":"http:\/\/oscarbribian.com\/?p=116"},"modified":"2011-12-01T08:51:00","modified_gmt":"2011-12-01T08:51:00","slug":"nuevas-leyendas-aragonesas-en-la-feria-del-libro-de-monzon","status":"publish","type":"post","link":"http:\/\/oscarbribian.com\/?p=116","title":{"rendered":"Nuevas leyendas aragonesas en la feria del libro de Monz\u00f3n"},"content":{"rendered":"<div><\/div>\n<div>El domingo d\u00eda 4 de diciembre. \u00d3scar Bribi\u00e1n, Roberto Malo y Jos\u00e9 M\u00aa Tamparillas estar\u00e1n firmando ejemplares todo el d\u00eda en la caseta de Mira editores de la Feria del libro de Monz\u00f3n.<\/div>\n<div><\/div>\n<div>Habr\u00e1 presentaci\u00f3n de las \u00abNuevas Leyendas Aragonesas\u00bb a las 17.30h.<\/div>\n<div><\/div>\n<div>Os esperamos<\/div>\n","protected":false},"excerpt":{"rendered":"<p>El domingo d\u00eda 4 de diciembre. \u00d3scar Bribi\u00e1n, Roberto Malo y Jos\u00e9 M\u00aa Tamparillas estar\u00e1n firmando ejemplares todo el d\u00eda en la caseta de Mira editores de la Feria del libro de Monz\u00f3n. Habr\u00e1 presentaci\u00f3n de las \u00abNuevas Leyendas Aragonesas\u00bb &hellip; <a href=\"http:\/\/oscarbribian.com\/?p=116\">Sigue leyendo <span class=\"meta-nav\">&rarr;<\/span><\/a><\/p>\n","protected":false},"author":1,"featured_media":0,"comment_status":"open","ping_status":"open","sticky":false,"template":"","format":"standard","meta":{"jetpack_post_was_ever_published":false,"_jetpack_newsletter_access":"","_jetpack_dont_email_post_to_subs":false,"_jetpack_newsletter_tier_id":0,"_jetpack_memberships_contains_paywalled_content":false,"_jetpack_memberships_contains_paid_content":false,"footnotes":"","jetpack_publicize_message":"","jetpack_publicize_feature_enabled":true,"jetpack_social_post_already_shared":false,"jetpack_social_options":{"image_generator_settings":{"template":"highway","default_image_id":0,"font":"","enabled":false},"version":2}},"categories":[5,12],"tags":[],"class_list":["post-116","post","type-post","status-publish","format-standard","hentry","category-eventos","category-nuevas-leyendas-aragonesas"],"jetpack_publicize_connections":[],"jetpack_featured_media_url":"","jetpack_sharing_enabled":true,"jetpack_shortlink":"https:\/\/wp.me\/p9NjCT-1S","jetpack_likes_enabled":true,"jetpack-related-posts":[],"_links":{"self":[{"href":"http:\/\/oscarbribian.com\/index.php?rest_route=\/wp\/v2\/posts\/116","targetHints":{"allow":["GET"]}}],"collection":[{"href":"http:\/\/oscarbribian.com\/index.php?rest_route=\/wp\/v2\/posts"}],"about":[{"href":"http:\/\/oscarbribian.com\/index.php?rest_route=\/wp\/v2\/types\/post"}],"author":[{"embeddable":true,"href":"http:\/\/oscarbribian.com\/index.php?rest_route=\/wp\/v2\/users\/1"}],"replies":[{"embeddable":true,"href":"http:\/\/oscarbribian.com\/index.php?rest_route=%2Fwp%2Fv2%2Fcomments&post=116"}],"version-history":[{"count":0,"href":"http:\/\/oscarbribian.com\/index.php?rest_route=\/wp\/v2\/posts\/116\/revisions"}],"wp:attachment":[{"href":"http:\/\/oscarbribian.com\/index.php?rest_route=%2Fwp%2Fv2%2Fmedia&parent=116"}],"wp:term":[{"taxonomy":"category","embeddable":true,"href":"http:\/\/oscarbribian.com\/index.php?rest_route=%2Fwp%2Fv2%2Fcategories&post=116"},{"taxonomy":"post_tag","embeddable":true,"href":"http:\/\/oscarbribian.com\/index.php?rest_route=%2Fwp%2Fv2%2Ftags&post=116"}],"curies":[{"name":"wp","href":"https:\/\/api.w.org\/{rel}","templated":true}]}}