{"id":1178,"date":"2016-12-06T10:07:32","date_gmt":"2016-12-06T09:07:32","guid":{"rendered":"http:\/\/oscarbribian.com\/?p=1178"},"modified":"2016-12-09T12:09:10","modified_gmt":"2016-12-09T11:09:10","slug":"1178","status":"publish","type":"post","link":"http:\/\/oscarbribian.com\/?p=1178","title":{"rendered":"La portada de Dedalus (El Dupuytren)"},"content":{"rendered":"<p>Ayer me entrevistaron para el Heraldo y, durante la charla, me preguntaron por la portada. Es algo de lo que no he hablado a\u00fan por aqu\u00ed, pero a mucha gente le ha llamado la atenci\u00f3n. Es una fotocomposici\u00f3n con un esp\u00e9cimen real del museo Dupuytren de Par\u00eds (abierto en 1835 y con 6.500 espec\u00edmenes de anatom\u00eda patol\u00f3gica, malformaciones, etc.). Bienvenidos al lugar donde la imaginaci\u00f3n y el pavor se disparan:<br \/>\n<a href=\"https:\/\/www.elpensante.com\/musee-dupuytren-un-museo-insolito-de-paris\/\" target=\"_blank\" rel=\"nofollow\">https:\/\/www.elpensante.com\/musee-dupuytren-un-museo-insoli\u2026\/<\/a><br \/>\n<a href=\"https:\/\/en.wikipedia.org\/wiki\/Mus%C3%A9e_Dupuytren\" target=\"_blank\" rel=\"nofollow\">https:\/\/en.wikipedia.org\/wiki\/Mus%C3%A9e_Dupuytren<\/a><\/p>\n<p><a href=\"https:\/\/i0.wp.com\/oscarbribian.com\/wp-content\/uploads\/2016\/12\/800px-Siamese_cattle_twins_DSC09327.jpg\"><img data-recalc-dims=\"1\" loading=\"lazy\" decoding=\"async\" data-attachment-id=\"1180\" data-permalink=\"http:\/\/oscarbribian.com\/?attachment_id=1180\" data-orig-file=\"https:\/\/i0.wp.com\/oscarbribian.com\/wp-content\/uploads\/2016\/12\/800px-Siamese_cattle_twins_DSC09327.jpg?fit=800%2C1074\" data-orig-size=\"800,1074\" data-comments-opened=\"1\" data-image-meta=\"{&quot;aperture&quot;:&quot;0&quot;,&quot;credit&quot;:&quot;&quot;,&quot;camera&quot;:&quot;&quot;,&quot;caption&quot;:&quot;&quot;,&quot;created_timestamp&quot;:&quot;0&quot;,&quot;copyright&quot;:&quot;&quot;,&quot;focal_length&quot;:&quot;0&quot;,&quot;iso&quot;:&quot;0&quot;,&quot;shutter_speed&quot;:&quot;0&quot;,&quot;title&quot;:&quot;&quot;,&quot;orientation&quot;:&quot;0&quot;}\" data-image-title=\"800px-siamese_cattle_twins_dsc09327\" data-image-description=\"\" data-image-caption=\"\" data-large-file=\"https:\/\/i0.wp.com\/oscarbribian.com\/wp-content\/uploads\/2016\/12\/800px-Siamese_cattle_twins_DSC09327.jpg?fit=640%2C859\" class=\"alignnone wp-image-1180 size-medium\" src=\"https:\/\/i0.wp.com\/oscarbribian.com\/wp-content\/uploads\/2016\/12\/800px-Siamese_cattle_twins_DSC09327.jpg?resize=223%2C300\" alt=\"800px-siamese_cattle_twins_dsc09327\" width=\"223\" height=\"300\" srcset=\"https:\/\/i0.wp.com\/oscarbribian.com\/wp-content\/uploads\/2016\/12\/800px-Siamese_cattle_twins_DSC09327.jpg?resize=223%2C300 223w, https:\/\/i0.wp.com\/oscarbribian.com\/wp-content\/uploads\/2016\/12\/800px-Siamese_cattle_twins_DSC09327.jpg?resize=768%2C1031 768w, https:\/\/i0.wp.com\/oscarbribian.com\/wp-content\/uploads\/2016\/12\/800px-Siamese_cattle_twins_DSC09327.jpg?resize=763%2C1024 763w, https:\/\/i0.wp.com\/oscarbribian.com\/wp-content\/uploads\/2016\/12\/800px-Siamese_cattle_twins_DSC09327.jpg?w=800 800w\" sizes=\"auto, (max-width: 223px) 100vw, 223px\" \/><\/a><\/p>\n","protected":false},"excerpt":{"rendered":"<p>Ayer me entrevistaron para el Heraldo y, durante la charla, me preguntaron por la portada. Es algo de lo que no he hablado a\u00fan por aqu\u00ed, pero a mucha gente le ha llamado la atenci\u00f3n. Es una fotocomposici\u00f3n con un &hellip; <a href=\"http:\/\/oscarbribian.com\/?p=1178\">Sigue leyendo <span class=\"meta-nav\">&rarr;<\/span><\/a><\/p>\n","protected":false},"author":1,"featured_media":0,"comment_status":"open","ping_status":"open","sticky":false,"template":"","format":"standard","meta":{"jetpack_post_was_ever_published":false,"_jetpack_newsletter_access":"","_jetpack_dont_email_post_to_subs":false,"_jetpack_newsletter_tier_id":0,"_jetpack_memberships_contains_paywalled_content":false,"_jetpack_memberships_contains_paid_content":false,"footnotes":"","jetpack_publicize_message":"","jetpack_publicize_feature_enabled":true,"jetpack_social_post_already_shared":false,"jetpack_social_options":{"image_generator_settings":{"template":"highway","default_image_id":0,"font":"","enabled":false},"version":2}},"categories":[67,1],"tags":[],"class_list":["post-1178","post","type-post","status-publish","format-standard","hentry","category-el-secreto-de-dedalus","category-uncategorized"],"jetpack_publicize_connections":[],"jetpack_featured_media_url":"","jetpack_sharing_enabled":true,"jetpack_shortlink":"https:\/\/wp.me\/s9NjCT-1178","jetpack_likes_enabled":true,"jetpack-related-posts":[],"_links":{"self":[{"href":"http:\/\/oscarbribian.com\/index.php?rest_route=\/wp\/v2\/posts\/1178","targetHints":{"allow":["GET"]}}],"collection":[{"href":"http:\/\/oscarbribian.com\/index.php?rest_route=\/wp\/v2\/posts"}],"about":[{"href":"http:\/\/oscarbribian.com\/index.php?rest_route=\/wp\/v2\/types\/post"}],"author":[{"embeddable":true,"href":"http:\/\/oscarbribian.com\/index.php?rest_route=\/wp\/v2\/users\/1"}],"replies":[{"embeddable":true,"href":"http:\/\/oscarbribian.com\/index.php?rest_route=%2Fwp%2Fv2%2Fcomments&post=1178"}],"version-history":[{"count":2,"href":"http:\/\/oscarbribian.com\/index.php?rest_route=\/wp\/v2\/posts\/1178\/revisions"}],"predecessor-version":[{"id":1189,"href":"http:\/\/oscarbribian.com\/index.php?rest_route=\/wp\/v2\/posts\/1178\/revisions\/1189"}],"wp:attachment":[{"href":"http:\/\/oscarbribian.com\/index.php?rest_route=%2Fwp%2Fv2%2Fmedia&parent=1178"}],"wp:term":[{"taxonomy":"category","embeddable":true,"href":"http:\/\/oscarbribian.com\/index.php?rest_route=%2Fwp%2Fv2%2Fcategories&post=1178"},{"taxonomy":"post_tag","embeddable":true,"href":"http:\/\/oscarbribian.com\/index.php?rest_route=%2Fwp%2Fv2%2Ftags&post=1178"}],"curies":[{"name":"wp","href":"https:\/\/api.w.org\/{rel}","templated":true}]}}