{"id":1201,"date":"2017-01-26T10:44:05","date_gmt":"2017-01-26T09:44:05","guid":{"rendered":"http:\/\/oscarbribian.com\/?p=1201"},"modified":"2017-01-26T10:44:05","modified_gmt":"2017-01-26T09:44:05","slug":"charla-durante-el-aragon-negro-2017","status":"publish","type":"post","link":"http:\/\/oscarbribian.com\/?p=1201","title":{"rendered":"Charla durante el Arag\u00f3n Negro 2017"},"content":{"rendered":"<div class=\"\" data-block=\"true\" data-editor=\"b155a\" data-offset-key=\"big4q-0-0\">\n<div class=\"_1mf _1mj\" data-offset-key=\"big4q-0-0\"><span data-offset-key=\"big4q-0-0\">Este domingo por la tarde me tendr\u00e9is a m\u00ed, a <\/span><span class=\"_5u8u\" spellcheck=\"false\" data-offset-key=\"big4q-1-0\"><span data-offset-key=\"big4q-1-0\">David Jasso Garc\u00eda<\/span><\/span><span data-offset-key=\"big4q-2-0\"> y <\/span><span class=\"_5u8u\" spellcheck=\"false\" data-offset-key=\"big4q-3-0\"><span data-offset-key=\"big4q-3-0\">Roberto Malo<\/span><\/span><span data-offset-key=\"big4q-4-0\">, en el centro c\u00edvico T.S\u00e1nchez Punter, dentro del marco del Arag\u00f3n Negro. Si os apetece pasar un buen rato, \u00a1por all\u00ed nos veremos!<\/span><\/div>\n<\/div>\n<div class=\"\" data-block=\"true\" data-editor=\"b155a\" data-offset-key=\"9pr6o-0-0\">\n<div class=\"_1mf _1mj\" data-offset-key=\"9pr6o-0-0\"><a href=\"http:\/\/www.zaragoza.es\/ciudad\/centros\/detalle_Centro?id=846\"><span data-offset-key=\"9pr6o-0-0\">http:\/\/www.zaragoza.es\/ciudad\/centros\/detalle_Centro?id=846<\/span><\/a><\/div>\n<\/div>\n<div class=\"\" data-block=\"true\" data-editor=\"b155a\" data-offset-key=\"2mbjc-0-0\">\n<div class=\"_1mf _1mj\" data-offset-key=\"2mbjc-0-0\"><span data-offset-key=\"2mbjc-0-0\">\u00a0<\/span><\/div>\n<\/div>\n<div class=\"\" data-block=\"true\" data-editor=\"b155a\" data-offset-key=\"6k8bp-0-0\">\n<div class=\"_1mf _1mj\" data-offset-key=\"6k8bp-0-0\"><span data-offset-key=\"6k8bp-0-0\">Conferencia de Oscar Bribi\u00e1n: \u201cLa demencia y la psicopat\u00eda, de la realidad a la ficci\u00f3n\u201d<\/span><\/div>\n<\/div>\n<div class=\"\" data-block=\"true\" data-editor=\"b155a\" data-offset-key=\"6eu59-0-0\">\n<div class=\"_1mf _1mj\" data-offset-key=\"6eu59-0-0\"><span data-offset-key=\"6eu59-0-0\">\u00a0<\/span><\/div>\n<\/div>\n<div class=\"\" data-block=\"true\" data-editor=\"b155a\" data-offset-key=\"dfq6j-0-0\">\n<div class=\"_1mf _1mj\" data-offset-key=\"dfq6j-0-0\"><span data-offset-key=\"dfq6j-0-0\">Fecha: 29 de Enero<\/span><\/div>\n<\/div>\n<div class=\"\" data-block=\"true\" data-editor=\"b155a\" data-offset-key=\"eekmc-0-0\">\n<div class=\"_1mf _1mj\" data-offset-key=\"eekmc-0-0\"><span data-offset-key=\"eekmc-0-0\">Hora: 18:00 horas<\/span><\/div>\n<\/div>\n<div class=\"\" data-block=\"true\" data-editor=\"b155a\" data-offset-key=\"e7cjn-0-0\">\n<div class=\"_1mf _1mj\" data-offset-key=\"e7cjn-0-0\"><span data-offset-key=\"e7cjn-0-0\">Lugar: Centro C\u00edvico San Jos\u00e9, <\/span><span class=\"_5u8u\" spellcheck=\"false\" data-offset-key=\"e7cjn-1-0\"><span data-offset-key=\"e7cjn-1-0\">Maria Zaragoza Blanco<\/span><\/span><\/div>\n<\/div>\n<div class=\"\" data-block=\"true\" data-editor=\"b155a\" data-offset-key=\"389hn-0-0\">\n<div class=\"_1mf _1mj\" data-offset-key=\"389hn-0-0\"><span data-offset-key=\"389hn-0-0\">\u00a0<\/span><\/div>\n<\/div>\n<div class=\"\" data-block=\"true\" data-editor=\"b155a\" data-offset-key=\"2i1c9-0-0\">\n<div class=\"_1mf _1mj\" data-offset-key=\"2i1c9-0-0\"><span data-offset-key=\"2i1c9-0-0\">\u201cPerder el juicio\u201d, espect\u00e1culo participativo de intriga, con David Jasso y Roberto Malo<\/span><\/div>\n<\/div>\n<div class=\"\" data-block=\"true\" data-editor=\"b155a\" data-offset-key=\"9rbt2-0-0\">\n<div class=\"_1mf _1mj\" data-offset-key=\"9rbt2-0-0\"><span data-offset-key=\"9rbt2-0-0\">\u00a0<\/span><\/div>\n<\/div>\n<div class=\"\" data-block=\"true\" data-editor=\"b155a\" data-offset-key=\"c4hhn-0-0\">\n<div class=\"_1mf _1mj\" data-offset-key=\"c4hhn-0-0\"><span data-offset-key=\"c4hhn-0-0\">Fecha: 29 de Enero<\/span><\/div>\n<\/div>\n<div class=\"\" data-block=\"true\" data-editor=\"b155a\" data-offset-key=\"du19h-0-0\">\n<div class=\"_1mf _1mj\" data-offset-key=\"du19h-0-0\"><span data-offset-key=\"du19h-0-0\">Hora: 19:00 horas<\/span><\/div>\n<\/div>\n<div class=\"\" data-block=\"true\" data-editor=\"b155a\" data-offset-key=\"6sm3c-0-0\">\n<div class=\"_1mf _1mj\" data-offset-key=\"6sm3c-0-0\"><span data-offset-key=\"6sm3c-0-0\">Lugar: Centro C\u00edvico San Jos\u00e9, Zaragoza<\/span><\/div>\n<\/div>\n<div class=\"_1mf _1mj\" data-offset-key=\"6sm3c-0-0\"><a href=\"https:\/\/i0.wp.com\/oscarbribian.com\/wp-content\/uploads\/2017\/01\/shutterstock_181892915.jpg\"><img data-recalc-dims=\"1\" loading=\"lazy\" decoding=\"async\" data-attachment-id=\"1202\" data-permalink=\"http:\/\/oscarbribian.com\/?attachment_id=1202\" data-orig-file=\"https:\/\/i0.wp.com\/oscarbribian.com\/wp-content\/uploads\/2017\/01\/shutterstock_181892915.jpg?fit=748%2C1000\" data-orig-size=\"748,1000\" data-comments-opened=\"1\" data-image-meta=\"{&quot;aperture&quot;:&quot;0&quot;,&quot;credit&quot;:&quot;&quot;,&quot;camera&quot;:&quot;&quot;,&quot;caption&quot;:&quot;&quot;,&quot;created_timestamp&quot;:&quot;0&quot;,&quot;copyright&quot;:&quot;&quot;,&quot;focal_length&quot;:&quot;0&quot;,&quot;iso&quot;:&quot;0&quot;,&quot;shutter_speed&quot;:&quot;0&quot;,&quot;title&quot;:&quot;&quot;,&quot;orientation&quot;:&quot;0&quot;}\" data-image-title=\"shutterstock_181892915\" data-image-description=\"\" data-image-caption=\"\" data-large-file=\"https:\/\/i0.wp.com\/oscarbribian.com\/wp-content\/uploads\/2017\/01\/shutterstock_181892915.jpg?fit=640%2C856\" class=\"alignnone wp-image-1202 size-medium\" src=\"https:\/\/i0.wp.com\/oscarbribian.com\/wp-content\/uploads\/2017\/01\/shutterstock_181892915.jpg?resize=224%2C300\" width=\"224\" height=\"300\" srcset=\"https:\/\/i0.wp.com\/oscarbribian.com\/wp-content\/uploads\/2017\/01\/shutterstock_181892915.jpg?resize=224%2C300 224w, https:\/\/i0.wp.com\/oscarbribian.com\/wp-content\/uploads\/2017\/01\/shutterstock_181892915.jpg?w=748 748w\" sizes=\"auto, (max-width: 224px) 100vw, 224px\" \/><\/a><\/div>\n","protected":false},"excerpt":{"rendered":"<p>Este domingo por la tarde me tendr\u00e9is a m\u00ed, a David Jasso Garc\u00eda y Roberto Malo, en el centro c\u00edvico T.S\u00e1nchez Punter, dentro del marco del Arag\u00f3n Negro. Si os apetece pasar un buen rato, \u00a1por all\u00ed nos veremos! http:\/\/www.zaragoza.es\/ciudad\/centros\/detalle_Centro?id=846 &hellip; <a href=\"http:\/\/oscarbribian.com\/?p=1201\">Sigue leyendo <span class=\"meta-nav\">&rarr;<\/span><\/a><\/p>\n","protected":false},"author":1,"featured_media":0,"comment_status":"open","ping_status":"open","sticky":false,"template":"","format":"standard","meta":{"jetpack_post_was_ever_published":false,"_jetpack_newsletter_access":"","_jetpack_dont_email_post_to_subs":false,"_jetpack_newsletter_tier_id":0,"_jetpack_memberships_contains_paywalled_content":false,"_jetpack_memberships_contains_paid_content":false,"footnotes":"","jetpack_publicize_message":"","jetpack_publicize_feature_enabled":true,"jetpack_social_post_already_shared":false,"jetpack_social_options":{"image_generator_settings":{"template":"highway","default_image_id":0,"font":"","enabled":false},"version":2}},"categories":[14],"tags":[],"class_list":["post-1201","post","type-post","status-publish","format-standard","hentry","category-charlas-y-conferencias"],"jetpack_publicize_connections":[],"jetpack_featured_media_url":"","jetpack_sharing_enabled":true,"jetpack_shortlink":"https:\/\/wp.me\/p9NjCT-jn","jetpack_likes_enabled":true,"jetpack-related-posts":[],"_links":{"self":[{"href":"http:\/\/oscarbribian.com\/index.php?rest_route=\/wp\/v2\/posts\/1201","targetHints":{"allow":["GET"]}}],"collection":[{"href":"http:\/\/oscarbribian.com\/index.php?rest_route=\/wp\/v2\/posts"}],"about":[{"href":"http:\/\/oscarbribian.com\/index.php?rest_route=\/wp\/v2\/types\/post"}],"author":[{"embeddable":true,"href":"http:\/\/oscarbribian.com\/index.php?rest_route=\/wp\/v2\/users\/1"}],"replies":[{"embeddable":true,"href":"http:\/\/oscarbribian.com\/index.php?rest_route=%2Fwp%2Fv2%2Fcomments&post=1201"}],"version-history":[{"count":1,"href":"http:\/\/oscarbribian.com\/index.php?rest_route=\/wp\/v2\/posts\/1201\/revisions"}],"predecessor-version":[{"id":1203,"href":"http:\/\/oscarbribian.com\/index.php?rest_route=\/wp\/v2\/posts\/1201\/revisions\/1203"}],"wp:attachment":[{"href":"http:\/\/oscarbribian.com\/index.php?rest_route=%2Fwp%2Fv2%2Fmedia&parent=1201"}],"wp:term":[{"taxonomy":"category","embeddable":true,"href":"http:\/\/oscarbribian.com\/index.php?rest_route=%2Fwp%2Fv2%2Fcategories&post=1201"},{"taxonomy":"post_tag","embeddable":true,"href":"http:\/\/oscarbribian.com\/index.php?rest_route=%2Fwp%2Fv2%2Ftags&post=1201"}],"curies":[{"name":"wp","href":"https:\/\/api.w.org\/{rel}","templated":true}]}}