{"id":1212,"date":"2017-02-23T14:13:02","date_gmt":"2017-02-23T13:13:02","guid":{"rendered":"http:\/\/oscarbribian.com\/?p=1212"},"modified":"2017-02-23T14:13:02","modified_gmt":"2017-02-23T13:13:02","slug":"villanoir-2017","status":"publish","type":"post","link":"http:\/\/oscarbribian.com\/?p=1212","title":{"rendered":"Villanoir 2017"},"content":{"rendered":"<p>En breve, el primer fin de semana de marzo, me tendr\u00e9is por el festival Villanoir, organizado en Villan\u00faa (localidad del pirineo oscense). En concreto, el s\u00e1bado 4 por la tarde participo en una mesa redonda con los autores Lorenzo Silva, Rafa Melero y Esteban Navarro. Ah\u00ed es nada. \u00a1\u00a1\u00a1Os espero si os apetece acudir!!!<\/p>\n<p><a href=\"https:\/\/i0.wp.com\/oscarbribian.com\/wp-content\/uploads\/2017\/02\/villanoir2017.jpg\"><img data-recalc-dims=\"1\" loading=\"lazy\" decoding=\"async\" data-attachment-id=\"1213\" data-permalink=\"http:\/\/oscarbribian.com\/?attachment_id=1213\" data-orig-file=\"https:\/\/i0.wp.com\/oscarbribian.com\/wp-content\/uploads\/2017\/02\/villanoir2017.jpg?fit=838%2C597\" data-orig-size=\"838,597\" data-comments-opened=\"1\" data-image-meta=\"{&quot;aperture&quot;:&quot;0&quot;,&quot;credit&quot;:&quot;&quot;,&quot;camera&quot;:&quot;&quot;,&quot;caption&quot;:&quot;&quot;,&quot;created_timestamp&quot;:&quot;0&quot;,&quot;copyright&quot;:&quot;&quot;,&quot;focal_length&quot;:&quot;0&quot;,&quot;iso&quot;:&quot;0&quot;,&quot;shutter_speed&quot;:&quot;0&quot;,&quot;title&quot;:&quot;&quot;,&quot;orientation&quot;:&quot;0&quot;}\" data-image-title=\"villanoir2017\" data-image-description=\"\" data-image-caption=\"\" data-large-file=\"https:\/\/i0.wp.com\/oscarbribian.com\/wp-content\/uploads\/2017\/02\/villanoir2017.jpg?fit=640%2C456\" class=\"alignnone size-full wp-image-1213\" src=\"https:\/\/i0.wp.com\/oscarbribian.com\/wp-content\/uploads\/2017\/02\/villanoir2017.jpg?resize=640%2C456\" alt=\"\" width=\"640\" height=\"456\" srcset=\"https:\/\/i0.wp.com\/oscarbribian.com\/wp-content\/uploads\/2017\/02\/villanoir2017.jpg?w=838 838w, https:\/\/i0.wp.com\/oscarbribian.com\/wp-content\/uploads\/2017\/02\/villanoir2017.jpg?resize=300%2C214 300w, https:\/\/i0.wp.com\/oscarbribian.com\/wp-content\/uploads\/2017\/02\/villanoir2017.jpg?resize=768%2C547 768w\" sizes=\"auto, (max-width: 640px) 100vw, 640px\" \/><\/a><\/p>\n<p>&nbsp;<\/p>\n","protected":false},"excerpt":{"rendered":"<p>En breve, el primer fin de semana de marzo, me tendr\u00e9is por el festival Villanoir, organizado en Villan\u00faa (localidad del pirineo oscense). En concreto, el s\u00e1bado 4 por la tarde participo en una mesa redonda con los autores Lorenzo Silva, &hellip; <a href=\"http:\/\/oscarbribian.com\/?p=1212\">Sigue leyendo <span class=\"meta-nav\">&rarr;<\/span><\/a><\/p>\n","protected":false},"author":1,"featured_media":0,"comment_status":"open","ping_status":"open","sticky":false,"template":"","format":"standard","meta":{"jetpack_post_was_ever_published":false,"_jetpack_newsletter_access":"","_jetpack_dont_email_post_to_subs":false,"_jetpack_newsletter_tier_id":0,"_jetpack_memberships_contains_paywalled_content":false,"_jetpack_memberships_contains_paid_content":false,"footnotes":"","jetpack_publicize_message":"","jetpack_publicize_feature_enabled":true,"jetpack_social_post_already_shared":false,"jetpack_social_options":{"image_generator_settings":{"template":"highway","default_image_id":0,"font":"","enabled":false},"version":2}},"categories":[14,5],"tags":[],"class_list":["post-1212","post","type-post","status-publish","format-standard","hentry","category-charlas-y-conferencias","category-eventos"],"jetpack_publicize_connections":[],"jetpack_featured_media_url":"","jetpack_sharing_enabled":true,"jetpack_shortlink":"https:\/\/wp.me\/p9NjCT-jy","jetpack_likes_enabled":true,"jetpack-related-posts":[],"_links":{"self":[{"href":"http:\/\/oscarbribian.com\/index.php?rest_route=\/wp\/v2\/posts\/1212","targetHints":{"allow":["GET"]}}],"collection":[{"href":"http:\/\/oscarbribian.com\/index.php?rest_route=\/wp\/v2\/posts"}],"about":[{"href":"http:\/\/oscarbribian.com\/index.php?rest_route=\/wp\/v2\/types\/post"}],"author":[{"embeddable":true,"href":"http:\/\/oscarbribian.com\/index.php?rest_route=\/wp\/v2\/users\/1"}],"replies":[{"embeddable":true,"href":"http:\/\/oscarbribian.com\/index.php?rest_route=%2Fwp%2Fv2%2Fcomments&post=1212"}],"version-history":[{"count":1,"href":"http:\/\/oscarbribian.com\/index.php?rest_route=\/wp\/v2\/posts\/1212\/revisions"}],"predecessor-version":[{"id":1214,"href":"http:\/\/oscarbribian.com\/index.php?rest_route=\/wp\/v2\/posts\/1212\/revisions\/1214"}],"wp:attachment":[{"href":"http:\/\/oscarbribian.com\/index.php?rest_route=%2Fwp%2Fv2%2Fmedia&parent=1212"}],"wp:term":[{"taxonomy":"category","embeddable":true,"href":"http:\/\/oscarbribian.com\/index.php?rest_route=%2Fwp%2Fv2%2Fcategories&post=1212"},{"taxonomy":"post_tag","embeddable":true,"href":"http:\/\/oscarbribian.com\/index.php?rest_route=%2Fwp%2Fv2%2Ftags&post=1212"}],"curies":[{"name":"wp","href":"https:\/\/api.w.org\/{rel}","templated":true}]}}