{"id":1222,"date":"2017-03-07T12:55:22","date_gmt":"2017-03-07T11:55:22","guid":{"rendered":"http:\/\/oscarbribian.com\/?p=1222"},"modified":"2017-03-07T12:56:54","modified_gmt":"2017-03-07T11:56:54","slug":"villanoir","status":"publish","type":"post","link":"http:\/\/oscarbribian.com\/?p=1222","title":{"rendered":"Villanoir"},"content":{"rendered":"<p>De regreso del I encuentro Villanoir, solo puedo decir que estoy encantado con la aceptaci\u00f3n, con la nutrida presencia de p\u00fablico, la acogida y trato de los organizadores (Ricardo Bosque, Ana Etxabe, Miriam Stolisky) y los compa\u00f1eros con los que volv\u00ed a coincidir (Lorenzo Silva, Esteban Navarro), o conoc\u00ed por primera vez en persona (Carlos Bassas, Paco Besc\u00f3s, Susana Hern\u00e1ndez, Juan Mari Barasorda, Santiago \u00c1lvarez y Laura Balagu\u00e9). Una estancia y unas jornadas para recordar, de las que se hicieron eco medios radiof\u00f3nicos y escritos como el Heraldo de Arag\u00f3n, el Peri\u00f3dico de Arag\u00f3n y el Diario del Alto Arag\u00f3n.<\/p>\n<p><a href=\"https:\/\/i0.wp.com\/oscarbribian.com\/wp-content\/uploads\/2017\/03\/villanoirheraldo-1.jpg\"><img data-recalc-dims=\"1\" loading=\"lazy\" decoding=\"async\" data-attachment-id=\"1223\" data-permalink=\"http:\/\/oscarbribian.com\/?attachment_id=1223\" data-orig-file=\"https:\/\/i0.wp.com\/oscarbribian.com\/wp-content\/uploads\/2017\/03\/villanoirheraldo-1.jpg?fit=540%2C960\" data-orig-size=\"540,960\" data-comments-opened=\"1\" data-image-meta=\"{&quot;aperture&quot;:&quot;0&quot;,&quot;credit&quot;:&quot;&quot;,&quot;camera&quot;:&quot;&quot;,&quot;caption&quot;:&quot;&quot;,&quot;created_timestamp&quot;:&quot;0&quot;,&quot;copyright&quot;:&quot;&quot;,&quot;focal_length&quot;:&quot;0&quot;,&quot;iso&quot;:&quot;0&quot;,&quot;shutter_speed&quot;:&quot;0&quot;,&quot;title&quot;:&quot;&quot;,&quot;orientation&quot;:&quot;0&quot;}\" data-image-title=\"villanoirheraldo\" data-image-description=\"\" data-image-caption=\"\" data-large-file=\"https:\/\/i0.wp.com\/oscarbribian.com\/wp-content\/uploads\/2017\/03\/villanoirheraldo-1.jpg?fit=540%2C960\" class=\"alignnone size-full wp-image-1223\" src=\"https:\/\/i0.wp.com\/oscarbribian.com\/wp-content\/uploads\/2017\/03\/villanoirheraldo-1.jpg?resize=540%2C960\" alt=\"\" width=\"540\" height=\"960\" srcset=\"https:\/\/i0.wp.com\/oscarbribian.com\/wp-content\/uploads\/2017\/03\/villanoirheraldo-1.jpg?w=540 540w, https:\/\/i0.wp.com\/oscarbribian.com\/wp-content\/uploads\/2017\/03\/villanoirheraldo-1.jpg?resize=169%2C300 169w\" sizes=\"auto, (max-width: 540px) 100vw, 540px\" \/><\/a> <a href=\"https:\/\/i0.wp.com\/oscarbribian.com\/wp-content\/uploads\/2017\/03\/villanoiraltoaragon-1.jpg\"><img data-recalc-dims=\"1\" loading=\"lazy\" decoding=\"async\" data-attachment-id=\"1225\" data-permalink=\"http:\/\/oscarbribian.com\/?attachment_id=1225\" data-orig-file=\"https:\/\/i0.wp.com\/oscarbribian.com\/wp-content\/uploads\/2017\/03\/villanoiraltoaragon-1.jpg?fit=960%2C586\" data-orig-size=\"960,586\" data-comments-opened=\"1\" data-image-meta=\"{&quot;aperture&quot;:&quot;0&quot;,&quot;credit&quot;:&quot;&quot;,&quot;camera&quot;:&quot;&quot;,&quot;caption&quot;:&quot;&quot;,&quot;created_timestamp&quot;:&quot;0&quot;,&quot;copyright&quot;:&quot;&quot;,&quot;focal_length&quot;:&quot;0&quot;,&quot;iso&quot;:&quot;0&quot;,&quot;shutter_speed&quot;:&quot;0&quot;,&quot;title&quot;:&quot;&quot;,&quot;orientation&quot;:&quot;0&quot;}\" data-image-title=\"villanoiraltoaragon\" data-image-description=\"\" data-image-caption=\"\" data-large-file=\"https:\/\/i0.wp.com\/oscarbribian.com\/wp-content\/uploads\/2017\/03\/villanoiraltoaragon-1.jpg?fit=640%2C391\" class=\"alignnone size-full wp-image-1225\" src=\"https:\/\/i0.wp.com\/oscarbribian.com\/wp-content\/uploads\/2017\/03\/villanoiraltoaragon-1.jpg?resize=640%2C391\" alt=\"\" width=\"640\" height=\"391\" srcset=\"https:\/\/i0.wp.com\/oscarbribian.com\/wp-content\/uploads\/2017\/03\/villanoiraltoaragon-1.jpg?w=960 960w, https:\/\/i0.wp.com\/oscarbribian.com\/wp-content\/uploads\/2017\/03\/villanoiraltoaragon-1.jpg?resize=300%2C183 300w, https:\/\/i0.wp.com\/oscarbribian.com\/wp-content\/uploads\/2017\/03\/villanoiraltoaragon-1.jpg?resize=768%2C469 768w\" sizes=\"auto, (max-width: 640px) 100vw, 640px\" \/><\/a><a href=\"https:\/\/i0.wp.com\/oscarbribian.com\/wp-content\/uploads\/2017\/03\/villanoir_habitacion-1.jpg\"><img data-recalc-dims=\"1\" loading=\"lazy\" decoding=\"async\" data-attachment-id=\"1224\" data-permalink=\"http:\/\/oscarbribian.com\/?attachment_id=1224\" data-orig-file=\"https:\/\/i0.wp.com\/oscarbribian.com\/wp-content\/uploads\/2017\/03\/villanoir_habitacion-1.jpg?fit=960%2C540\" data-orig-size=\"960,540\" data-comments-opened=\"1\" data-image-meta=\"{&quot;aperture&quot;:&quot;0&quot;,&quot;credit&quot;:&quot;&quot;,&quot;camera&quot;:&quot;&quot;,&quot;caption&quot;:&quot;&quot;,&quot;created_timestamp&quot;:&quot;0&quot;,&quot;copyright&quot;:&quot;&quot;,&quot;focal_length&quot;:&quot;0&quot;,&quot;iso&quot;:&quot;0&quot;,&quot;shutter_speed&quot;:&quot;0&quot;,&quot;title&quot;:&quot;&quot;,&quot;orientation&quot;:&quot;0&quot;}\" data-image-title=\"villanoir_habitacion\" data-image-description=\"\" data-image-caption=\"\" data-large-file=\"https:\/\/i0.wp.com\/oscarbribian.com\/wp-content\/uploads\/2017\/03\/villanoir_habitacion-1.jpg?fit=640%2C360\" class=\"alignnone size-full wp-image-1224\" src=\"https:\/\/i0.wp.com\/oscarbribian.com\/wp-content\/uploads\/2017\/03\/villanoir_habitacion-1.jpg?resize=640%2C360\" alt=\"\" width=\"640\" height=\"360\" srcset=\"https:\/\/i0.wp.com\/oscarbribian.com\/wp-content\/uploads\/2017\/03\/villanoir_habitacion-1.jpg?w=960 960w, https:\/\/i0.wp.com\/oscarbribian.com\/wp-content\/uploads\/2017\/03\/villanoir_habitacion-1.jpg?resize=300%2C169 300w, https:\/\/i0.wp.com\/oscarbribian.com\/wp-content\/uploads\/2017\/03\/villanoir_habitacion-1.jpg?resize=768%2C432 768w\" sizes=\"auto, (max-width: 640px) 100vw, 640px\" \/><\/a><\/p>\n<p><em>Vista desde mi habitaci\u00f3n a primera hora de la ma\u00f1ana<\/em><\/p>\n","protected":false},"excerpt":{"rendered":"<p>De regreso del I encuentro Villanoir, solo puedo decir que estoy encantado con la aceptaci\u00f3n, con la nutrida presencia de p\u00fablico, la acogida y trato de los organizadores (Ricardo Bosque, Ana Etxabe, Miriam Stolisky) y los compa\u00f1eros con los que &hellip; <a href=\"http:\/\/oscarbribian.com\/?p=1222\">Sigue leyendo <span class=\"meta-nav\">&rarr;<\/span><\/a><\/p>\n","protected":false},"author":1,"featured_media":0,"comment_status":"open","ping_status":"open","sticky":false,"template":"","format":"standard","meta":{"jetpack_post_was_ever_published":false,"_jetpack_newsletter_access":"","_jetpack_dont_email_post_to_subs":false,"_jetpack_newsletter_tier_id":0,"_jetpack_memberships_contains_paywalled_content":false,"_jetpack_memberships_contains_paid_content":false,"footnotes":"","jetpack_publicize_message":"","jetpack_publicize_feature_enabled":true,"jetpack_social_post_already_shared":false,"jetpack_social_options":{"image_generator_settings":{"template":"highway","default_image_id":0,"font":"","enabled":false},"version":2}},"categories":[14,5],"tags":[],"class_list":["post-1222","post","type-post","status-publish","format-standard","hentry","category-charlas-y-conferencias","category-eventos"],"jetpack_publicize_connections":[],"jetpack_featured_media_url":"","jetpack_sharing_enabled":true,"jetpack_shortlink":"https:\/\/wp.me\/p9NjCT-jI","jetpack_likes_enabled":true,"jetpack-related-posts":[],"_links":{"self":[{"href":"http:\/\/oscarbribian.com\/index.php?rest_route=\/wp\/v2\/posts\/1222","targetHints":{"allow":["GET"]}}],"collection":[{"href":"http:\/\/oscarbribian.com\/index.php?rest_route=\/wp\/v2\/posts"}],"about":[{"href":"http:\/\/oscarbribian.com\/index.php?rest_route=\/wp\/v2\/types\/post"}],"author":[{"embeddable":true,"href":"http:\/\/oscarbribian.com\/index.php?rest_route=\/wp\/v2\/users\/1"}],"replies":[{"embeddable":true,"href":"http:\/\/oscarbribian.com\/index.php?rest_route=%2Fwp%2Fv2%2Fcomments&post=1222"}],"version-history":[{"count":2,"href":"http:\/\/oscarbribian.com\/index.php?rest_route=\/wp\/v2\/posts\/1222\/revisions"}],"predecessor-version":[{"id":1227,"href":"http:\/\/oscarbribian.com\/index.php?rest_route=\/wp\/v2\/posts\/1222\/revisions\/1227"}],"wp:attachment":[{"href":"http:\/\/oscarbribian.com\/index.php?rest_route=%2Fwp%2Fv2%2Fmedia&parent=1222"}],"wp:term":[{"taxonomy":"category","embeddable":true,"href":"http:\/\/oscarbribian.com\/index.php?rest_route=%2Fwp%2Fv2%2Fcategories&post=1222"},{"taxonomy":"post_tag","embeddable":true,"href":"http:\/\/oscarbribian.com\/index.php?rest_route=%2Fwp%2Fv2%2Ftags&post=1222"}],"curies":[{"name":"wp","href":"https:\/\/api.w.org\/{rel}","templated":true}]}}