{"id":1229,"date":"2017-04-21T13:54:12","date_gmt":"2017-04-21T11:54:12","guid":{"rendered":"http:\/\/oscarbribian.com\/?p=1229"},"modified":"2017-04-21T13:54:12","modified_gmt":"2017-04-21T11:54:12","slug":"dedalus-en-el-dia-del-libro-de-zaragoza","status":"publish","type":"post","link":"http:\/\/oscarbribian.com\/?p=1229","title":{"rendered":"Dedalus en el D\u00eda del libro de Zaragoza"},"content":{"rendered":"<p><a href=\"https:\/\/i0.wp.com\/oscarbribian.com\/wp-content\/uploads\/2016\/10\/cabecerasecretodedalus1.jpg\"><img data-recalc-dims=\"1\" loading=\"lazy\" decoding=\"async\" data-attachment-id=\"1122\" data-permalink=\"http:\/\/oscarbribian.com\/?attachment_id=1122\" data-orig-file=\"https:\/\/i0.wp.com\/oscarbribian.com\/wp-content\/uploads\/2016\/10\/cabecerasecretodedalus1.jpg?fit=940%2C198\" data-orig-size=\"940,198\" data-comments-opened=\"1\" data-image-meta=\"{&quot;aperture&quot;:&quot;0&quot;,&quot;credit&quot;:&quot;&quot;,&quot;camera&quot;:&quot;&quot;,&quot;caption&quot;:&quot;&quot;,&quot;created_timestamp&quot;:&quot;0&quot;,&quot;copyright&quot;:&quot;&quot;,&quot;focal_length&quot;:&quot;0&quot;,&quot;iso&quot;:&quot;0&quot;,&quot;shutter_speed&quot;:&quot;0&quot;,&quot;title&quot;:&quot;&quot;,&quot;orientation&quot;:&quot;1&quot;}\" data-image-title=\"cabecerasecretodedalus1\" data-image-description=\"\" data-image-caption=\"\" data-large-file=\"https:\/\/i0.wp.com\/oscarbribian.com\/wp-content\/uploads\/2016\/10\/cabecerasecretodedalus1.jpg?fit=640%2C135\" class=\"alignnone wp-image-1122 size-full\" src=\"https:\/\/i0.wp.com\/oscarbribian.com\/wp-content\/uploads\/2016\/10\/cabecerasecretodedalus1.jpg?resize=640%2C135\" alt=\"\" width=\"640\" height=\"135\" srcset=\"https:\/\/i0.wp.com\/oscarbribian.com\/wp-content\/uploads\/2016\/10\/cabecerasecretodedalus1.jpg?w=940 940w, https:\/\/i0.wp.com\/oscarbribian.com\/wp-content\/uploads\/2016\/10\/cabecerasecretodedalus1.jpg?resize=300%2C63 300w, https:\/\/i0.wp.com\/oscarbribian.com\/wp-content\/uploads\/2016\/10\/cabecerasecretodedalus1.jpg?resize=768%2C162 768w\" sizes=\"auto, (max-width: 640px) 100vw, 640px\" \/><\/a>Este pr\u00f3ximo domingo (23 de abril, claro) podr\u00e9is encontrarme en el D\u00eda del Libro de Zaragoza. Por la ma\u00f1ana, a partir de las 12:00 horas, me encontrar\u00e9 en la mesa de las editoriales Saco de Huesos\/Tusitala. Por la tarde me encontrar\u00e9is firmando en la mesa de la nueva librer\u00eda de la ciudad, Mono de Tres Cabezas (situada en Avenida Valencia, n\u00ba 24), con ejemplares de varios de los libros que he publicado, adem\u00e1s del m\u00e1s reciente: El Secreto de Dedalus. \u00a1Espero veros a alguno por all\u00ed!<a href=\"https:\/\/i0.wp.com\/oscarbribian.com\/wp-content\/uploads\/2017\/04\/cartellibro2017.jpg\"><img data-recalc-dims=\"1\" loading=\"lazy\" decoding=\"async\" data-attachment-id=\"1230\" data-permalink=\"http:\/\/oscarbribian.com\/?attachment_id=1230\" data-orig-file=\"https:\/\/i0.wp.com\/oscarbribian.com\/wp-content\/uploads\/2017\/04\/cartellibro2017.jpg?fit=500%2C722\" data-orig-size=\"500,722\" data-comments-opened=\"1\" data-image-meta=\"{&quot;aperture&quot;:&quot;0&quot;,&quot;credit&quot;:&quot;&quot;,&quot;camera&quot;:&quot;&quot;,&quot;caption&quot;:&quot;&quot;,&quot;created_timestamp&quot;:&quot;0&quot;,&quot;copyright&quot;:&quot;&quot;,&quot;focal_length&quot;:&quot;0&quot;,&quot;iso&quot;:&quot;0&quot;,&quot;shutter_speed&quot;:&quot;0&quot;,&quot;title&quot;:&quot;&quot;,&quot;orientation&quot;:&quot;0&quot;}\" data-image-title=\"cartellibro2017\" data-image-description=\"\" data-image-caption=\"\" data-large-file=\"https:\/\/i0.wp.com\/oscarbribian.com\/wp-content\/uploads\/2017\/04\/cartellibro2017.jpg?fit=500%2C722\" class=\"alignnone size-full wp-image-1230\" src=\"https:\/\/i0.wp.com\/oscarbribian.com\/wp-content\/uploads\/2017\/04\/cartellibro2017.jpg?resize=500%2C722\" alt=\"\" width=\"500\" height=\"722\" srcset=\"https:\/\/i0.wp.com\/oscarbribian.com\/wp-content\/uploads\/2017\/04\/cartellibro2017.jpg?w=500 500w, https:\/\/i0.wp.com\/oscarbribian.com\/wp-content\/uploads\/2017\/04\/cartellibro2017.jpg?resize=208%2C300 208w\" sizes=\"auto, (max-width: 500px) 100vw, 500px\" \/><\/a><\/p>\n","protected":false},"excerpt":{"rendered":"<p>Este pr\u00f3ximo domingo (23 de abril, claro) podr\u00e9is encontrarme en el D\u00eda del Libro de Zaragoza. Por la ma\u00f1ana, a partir de las 12:00 horas, me encontrar\u00e9 en la mesa de las editoriales Saco de Huesos\/Tusitala. Por la tarde me &hellip; <a href=\"http:\/\/oscarbribian.com\/?p=1229\">Sigue leyendo <span class=\"meta-nav\">&rarr;<\/span><\/a><\/p>\n","protected":false},"author":1,"featured_media":0,"comment_status":"open","ping_status":"open","sticky":false,"template":"","format":"standard","meta":{"jetpack_post_was_ever_published":false,"_jetpack_newsletter_access":"","_jetpack_dont_email_post_to_subs":false,"_jetpack_newsletter_tier_id":0,"_jetpack_memberships_contains_paywalled_content":false,"_jetpack_memberships_contains_paid_content":false,"footnotes":"","jetpack_publicize_message":"","jetpack_publicize_feature_enabled":true,"jetpack_social_post_already_shared":false,"jetpack_social_options":{"image_generator_settings":{"template":"highway","default_image_id":0,"font":"","enabled":false},"version":2}},"categories":[5,61],"tags":[],"class_list":["post-1229","post","type-post","status-publish","format-standard","hentry","category-eventos","category-feria-del-libro"],"jetpack_publicize_connections":[],"jetpack_featured_media_url":"","jetpack_sharing_enabled":true,"jetpack_shortlink":"https:\/\/wp.me\/p9NjCT-jP","jetpack_likes_enabled":true,"jetpack-related-posts":[],"_links":{"self":[{"href":"http:\/\/oscarbribian.com\/index.php?rest_route=\/wp\/v2\/posts\/1229","targetHints":{"allow":["GET"]}}],"collection":[{"href":"http:\/\/oscarbribian.com\/index.php?rest_route=\/wp\/v2\/posts"}],"about":[{"href":"http:\/\/oscarbribian.com\/index.php?rest_route=\/wp\/v2\/types\/post"}],"author":[{"embeddable":true,"href":"http:\/\/oscarbribian.com\/index.php?rest_route=\/wp\/v2\/users\/1"}],"replies":[{"embeddable":true,"href":"http:\/\/oscarbribian.com\/index.php?rest_route=%2Fwp%2Fv2%2Fcomments&post=1229"}],"version-history":[{"count":1,"href":"http:\/\/oscarbribian.com\/index.php?rest_route=\/wp\/v2\/posts\/1229\/revisions"}],"predecessor-version":[{"id":1231,"href":"http:\/\/oscarbribian.com\/index.php?rest_route=\/wp\/v2\/posts\/1229\/revisions\/1231"}],"wp:attachment":[{"href":"http:\/\/oscarbribian.com\/index.php?rest_route=%2Fwp%2Fv2%2Fmedia&parent=1229"}],"wp:term":[{"taxonomy":"category","embeddable":true,"href":"http:\/\/oscarbribian.com\/index.php?rest_route=%2Fwp%2Fv2%2Fcategories&post=1229"},{"taxonomy":"post_tag","embeddable":true,"href":"http:\/\/oscarbribian.com\/index.php?rest_route=%2Fwp%2Fv2%2Ftags&post=1229"}],"curies":[{"name":"wp","href":"https:\/\/api.w.org\/{rel}","templated":true}]}}