{"id":131,"date":"2011-08-10T06:53:00","date_gmt":"2011-08-10T06:53:00","guid":{"rendered":"http:\/\/oscarbribian.com\/?p=131"},"modified":"2011-08-10T06:53:00","modified_gmt":"2011-08-10T06:53:00","slug":"nuevas-leyendas-aragonesas-en-el-periodico","status":"publish","type":"post","link":"http:\/\/oscarbribian.com\/?p=131","title":{"rendered":"Nuevas leyendas aragonesas en El Peri\u00f3dico"},"content":{"rendered":"<p>\u00abNuevas leyendas aragonesas\u00bb sigue recomend\u00e1ndose, esta vez en <a href=\"http:\/\/www.redaragon.com\/cultura\/librosydiscos\/default.asp?ac=mo&#038;id=21421\">El Peri\u00f3dico de Arag\u00f3n<\/a>.<\/p>\n<p>\u00ab<em>La hibridaci\u00f3n de g\u00e9neros, as\u00ed como la pasi\u00f3n por la literatura de terror son el nexo de uni\u00f3n entre estos autores comprometidos con una visi\u00f3n moderna y desenfadada de la literatura<\/em>\u00ab.<\/p>\n","protected":false},"excerpt":{"rendered":"<p>\u00abNuevas leyendas aragonesas\u00bb sigue recomend\u00e1ndose, esta vez en El Peri\u00f3dico de Arag\u00f3n. \u00abLa hibridaci\u00f3n de g\u00e9neros, as\u00ed como la pasi\u00f3n por la literatura de terror son el nexo de uni\u00f3n entre estos autores comprometidos con una visi\u00f3n moderna y desenfadada &hellip; <a href=\"http:\/\/oscarbribian.com\/?p=131\">Sigue leyendo <span class=\"meta-nav\">&rarr;<\/span><\/a><\/p>\n","protected":false},"author":1,"featured_media":0,"comment_status":"open","ping_status":"open","sticky":false,"template":"","format":"standard","meta":{"jetpack_post_was_ever_published":false,"_jetpack_newsletter_access":"","_jetpack_dont_email_post_to_subs":false,"_jetpack_newsletter_tier_id":0,"_jetpack_memberships_contains_paywalled_content":false,"_jetpack_memberships_contains_paid_content":false,"footnotes":"","jetpack_publicize_message":"","jetpack_publicize_feature_enabled":true,"jetpack_social_post_already_shared":false,"jetpack_social_options":{"image_generator_settings":{"template":"highway","default_image_id":0,"font":"","enabled":false},"version":2}},"categories":[13,12],"tags":[],"class_list":["post-131","post","type-post","status-publish","format-standard","hentry","category-resenas-sobre-mi-obra","category-nuevas-leyendas-aragonesas"],"jetpack_publicize_connections":[],"jetpack_featured_media_url":"","jetpack_sharing_enabled":true,"jetpack_shortlink":"https:\/\/wp.me\/p9NjCT-27","jetpack_likes_enabled":true,"jetpack-related-posts":[],"_links":{"self":[{"href":"http:\/\/oscarbribian.com\/index.php?rest_route=\/wp\/v2\/posts\/131","targetHints":{"allow":["GET"]}}],"collection":[{"href":"http:\/\/oscarbribian.com\/index.php?rest_route=\/wp\/v2\/posts"}],"about":[{"href":"http:\/\/oscarbribian.com\/index.php?rest_route=\/wp\/v2\/types\/post"}],"author":[{"embeddable":true,"href":"http:\/\/oscarbribian.com\/index.php?rest_route=\/wp\/v2\/users\/1"}],"replies":[{"embeddable":true,"href":"http:\/\/oscarbribian.com\/index.php?rest_route=%2Fwp%2Fv2%2Fcomments&post=131"}],"version-history":[{"count":0,"href":"http:\/\/oscarbribian.com\/index.php?rest_route=\/wp\/v2\/posts\/131\/revisions"}],"wp:attachment":[{"href":"http:\/\/oscarbribian.com\/index.php?rest_route=%2Fwp%2Fv2%2Fmedia&parent=131"}],"wp:term":[{"taxonomy":"category","embeddable":true,"href":"http:\/\/oscarbribian.com\/index.php?rest_route=%2Fwp%2Fv2%2Fcategories&post=131"},{"taxonomy":"post_tag","embeddable":true,"href":"http:\/\/oscarbribian.com\/index.php?rest_route=%2Fwp%2Fv2%2Ftags&post=131"}],"curies":[{"name":"wp","href":"https:\/\/api.w.org\/{rel}","templated":true}]}}