{"id":140,"date":"2011-07-18T10:14:00","date_gmt":"2011-07-18T10:14:00","guid":{"rendered":"http:\/\/oscarbribian.com\/?p=140"},"modified":"2011-07-18T10:14:00","modified_gmt":"2011-07-18T10:14:00","slug":"nuevas-leyendas-en-la-prensa-de-nuevo-en-el-periodico-de-aragon","status":"publish","type":"post","link":"http:\/\/oscarbribian.com\/?p=140","title":{"rendered":"Nuevas leyendas en la prensa, de nuevo en el Peri\u00f3dico de Arag\u00f3n"},"content":{"rendered":"<div align=\"justify\">Estrella Setu\u00e1in, el d\u00eda 12 de julio, dentro del apartado de \u201cEscenarios\u201d del Peri\u00f3dico de Arag\u00f3n, escribi\u00f3 un art\u00edculo sobre estas <em>Nuevas leyendas aragonesas.<\/em>\n<\/div>\n<p><\/p>\n<div align=\"justify\"><\/div>\n<p><\/p>\n<div align=\"justify\">Para leer el art\u00edculo puedes pinchar sobre el siguiente enlace:<\/div>\n<p><\/p>\n<div align=\"justify\"><a href=\"http:\/\/www.elperiodicodearagon.com\/noticias\/noticia.asp?pkid=686407\">Nuevas leyendas aragonesas en el Peri\u00f3dico<\/a><\/div>\n","protected":false},"excerpt":{"rendered":"<p>Estrella Setu\u00e1in, el d\u00eda 12 de julio, dentro del apartado de \u201cEscenarios\u201d del Peri\u00f3dico de Arag\u00f3n, escribi\u00f3 un art\u00edculo sobre estas Nuevas leyendas aragonesas. Para leer el art\u00edculo puedes pinchar sobre el siguiente enlace: Nuevas leyendas aragonesas en el Peri\u00f3dico<\/p>\n","protected":false},"author":1,"featured_media":0,"comment_status":"open","ping_status":"open","sticky":false,"template":"","format":"standard","meta":{"jetpack_post_was_ever_published":false,"_jetpack_newsletter_access":"","_jetpack_dont_email_post_to_subs":false,"_jetpack_newsletter_tier_id":0,"_jetpack_memberships_contains_paywalled_content":false,"_jetpack_memberships_contains_paid_content":false,"footnotes":"","jetpack_publicize_message":"","jetpack_publicize_feature_enabled":true,"jetpack_social_post_already_shared":false,"jetpack_social_options":{"image_generator_settings":{"template":"highway","default_image_id":0,"font":"","enabled":false},"version":2}},"categories":[13,12],"tags":[],"class_list":["post-140","post","type-post","status-publish","format-standard","hentry","category-resenas-sobre-mi-obra","category-nuevas-leyendas-aragonesas"],"jetpack_publicize_connections":[],"jetpack_featured_media_url":"","jetpack_sharing_enabled":true,"jetpack_shortlink":"https:\/\/wp.me\/p9NjCT-2g","jetpack_likes_enabled":true,"jetpack-related-posts":[],"_links":{"self":[{"href":"http:\/\/oscarbribian.com\/index.php?rest_route=\/wp\/v2\/posts\/140","targetHints":{"allow":["GET"]}}],"collection":[{"href":"http:\/\/oscarbribian.com\/index.php?rest_route=\/wp\/v2\/posts"}],"about":[{"href":"http:\/\/oscarbribian.com\/index.php?rest_route=\/wp\/v2\/types\/post"}],"author":[{"embeddable":true,"href":"http:\/\/oscarbribian.com\/index.php?rest_route=\/wp\/v2\/users\/1"}],"replies":[{"embeddable":true,"href":"http:\/\/oscarbribian.com\/index.php?rest_route=%2Fwp%2Fv2%2Fcomments&post=140"}],"version-history":[{"count":0,"href":"http:\/\/oscarbribian.com\/index.php?rest_route=\/wp\/v2\/posts\/140\/revisions"}],"wp:attachment":[{"href":"http:\/\/oscarbribian.com\/index.php?rest_route=%2Fwp%2Fv2%2Fmedia&parent=140"}],"wp:term":[{"taxonomy":"category","embeddable":true,"href":"http:\/\/oscarbribian.com\/index.php?rest_route=%2Fwp%2Fv2%2Fcategories&post=140"},{"taxonomy":"post_tag","embeddable":true,"href":"http:\/\/oscarbribian.com\/index.php?rest_route=%2Fwp%2Fv2%2Ftags&post=140"}],"curies":[{"name":"wp","href":"https:\/\/api.w.org\/{rel}","templated":true}]}}