{"id":145,"date":"2011-06-22T08:52:00","date_gmt":"2011-06-22T08:52:00","guid":{"rendered":"http:\/\/oscarbribian.com\/?p=145"},"modified":"2011-06-22T08:52:00","modified_gmt":"2011-06-22T08:52:00","slug":"adraga-y-el-circulo-de-krisky","status":"publish","type":"post","link":"http:\/\/oscarbribian.com\/?p=145","title":{"rendered":"Adraga y El c\u00edrculo de Krisky"},"content":{"rendered":"<p>El pr\u00f3ximo lunes 27 de junio presentar\u00e9 en El Corte Ingl\u00e9s de Zaragoza los libros de dos autores:<\/p>\n<p>\u00abAdraga: Tras el D\u00eda del Sol Negro\u00bb, de Juan \u00c1ngel Laguna Edroso. Una extensa novela de fantas\u00eda \u00e9pica de la l\u00ednea Exc\u00e1libur de la editorial Grupo Ajec. Cruzados y demonios, aventuras y reflexiones m\u00edsticas, en una Vieja Europa tras el apocalipsis del a\u00f1o 1.000.<\/p>\n<p><a href=\"https:\/\/i0.wp.com\/1.bp.blogspot.com\/-oSkgx8nr-fY\/Tf-Zvc7mzsI\/AAAAAAAAAjg\/8QlLgCoZ5KY\/s1600\/g8f33fotoajec1.jpg\"><img data-recalc-dims=\"1\" decoding=\"async\" border=\"0\" alt=\"\" src=\"https:\/\/i0.wp.com\/1.bp.blogspot.com\/-oSkgx8nr-fY\/Tf-Zvc7mzsI\/AAAAAAAAAjg\/8QlLgCoZ5KY\/s200\/g8f33fotoajec1.jpg?w=640\"><\/a> <\/p>\n<div align=\"justify\">\u00abEl c\u00edrculo de Krisky\u00bb, de Miguel Puente Molins. Un excelente libro de relatos de fantas\u00eda oscura, misterio y terror, de la misma editorial Grupo Ajec.\n<\/div>\n<p><img data-recalc-dims=\"1\" decoding=\"async\" border=\"0\" alt=\"\" src=\"https:\/\/i0.wp.com\/4.bp.blogspot.com\/-bVlWMuGg7Lw\/Tf-X_anNEoI\/AAAAAAAAAjI\/8jF7tj-28uY\/s320\/gd9cafotoajec2.jpg?w=640\"><\/p>\n<div align=\"justify\">La presentaci\u00f3n tendr\u00e1 lugar concretamente en la sala de \u00c1mbito Cultural, 3\u00aa planta del Corte Ingl\u00e9s de P\u00ba Independencia, Zaragoza. Horario: 19:30h.<\/p>\n<p>\u00a1Espero veros por all\u00ed!<\/p><\/div>\n<p><\/p>\n<div align=\"left\"><\/div>\n","protected":false},"excerpt":{"rendered":"<p>El pr\u00f3ximo lunes 27 de junio presentar\u00e9 en El Corte Ingl\u00e9s de Zaragoza los libros de dos autores: \u00abAdraga: Tras el D\u00eda del Sol Negro\u00bb, de Juan \u00c1ngel Laguna Edroso. Una extensa novela de fantas\u00eda \u00e9pica de la l\u00ednea Exc\u00e1libur &hellip; <a href=\"http:\/\/oscarbribian.com\/?p=145\">Sigue leyendo <span class=\"meta-nav\">&rarr;<\/span><\/a><\/p>\n","protected":false},"author":1,"featured_media":0,"comment_status":"open","ping_status":"open","sticky":false,"template":"","format":"standard","meta":{"jetpack_post_was_ever_published":false,"_jetpack_newsletter_access":"","_jetpack_dont_email_post_to_subs":false,"_jetpack_newsletter_tier_id":0,"_jetpack_memberships_contains_paywalled_content":false,"_jetpack_memberships_contains_paid_content":false,"footnotes":"","jetpack_publicize_message":"","jetpack_publicize_feature_enabled":true,"jetpack_social_post_already_shared":false,"jetpack_social_options":{"image_generator_settings":{"template":"highway","default_image_id":0,"font":"","enabled":false},"version":2}},"categories":[5],"tags":[],"class_list":["post-145","post","type-post","status-publish","format-standard","hentry","category-eventos"],"jetpack_publicize_connections":[],"jetpack_featured_media_url":"","jetpack_sharing_enabled":true,"jetpack_shortlink":"https:\/\/wp.me\/p9NjCT-2l","jetpack_likes_enabled":true,"jetpack-related-posts":[],"_links":{"self":[{"href":"http:\/\/oscarbribian.com\/index.php?rest_route=\/wp\/v2\/posts\/145","targetHints":{"allow":["GET"]}}],"collection":[{"href":"http:\/\/oscarbribian.com\/index.php?rest_route=\/wp\/v2\/posts"}],"about":[{"href":"http:\/\/oscarbribian.com\/index.php?rest_route=\/wp\/v2\/types\/post"}],"author":[{"embeddable":true,"href":"http:\/\/oscarbribian.com\/index.php?rest_route=\/wp\/v2\/users\/1"}],"replies":[{"embeddable":true,"href":"http:\/\/oscarbribian.com\/index.php?rest_route=%2Fwp%2Fv2%2Fcomments&post=145"}],"version-history":[{"count":0,"href":"http:\/\/oscarbribian.com\/index.php?rest_route=\/wp\/v2\/posts\/145\/revisions"}],"wp:attachment":[{"href":"http:\/\/oscarbribian.com\/index.php?rest_route=%2Fwp%2Fv2%2Fmedia&parent=145"}],"wp:term":[{"taxonomy":"category","embeddable":true,"href":"http:\/\/oscarbribian.com\/index.php?rest_route=%2Fwp%2Fv2%2Fcategories&post=145"},{"taxonomy":"post_tag","embeddable":true,"href":"http:\/\/oscarbribian.com\/index.php?rest_route=%2Fwp%2Fv2%2Ftags&post=145"}],"curies":[{"name":"wp","href":"https:\/\/api.w.org\/{rel}","templated":true}]}}