{"id":147,"date":"2011-06-20T18:39:00","date_gmt":"2011-06-20T18:39:00","guid":{"rendered":"http:\/\/oscarbribian.com\/?p=147"},"modified":"2011-06-20T18:39:00","modified_gmt":"2011-06-20T18:39:00","slug":"presentacion-de-nuevas-leyendas-aragonesas","status":"publish","type":"post","link":"http:\/\/oscarbribian.com\/?p=147","title":{"rendered":"Presentaci\u00f3n de Nuevas leyendas aragonesas"},"content":{"rendered":"<div align=\"center\">El pasado jueves 16 de julio tuvo lugar la presentaci\u00f3n de <em>Nuevas leyendas aragonesas<\/em> en el IES Goya de Zaragoza. Mil gracias a todos los amigos, familiares y lectores en general (conocidos y desconocidos) que tuvieron a bien presenciar el acto y dar su apoyo y calor con su presencia. \u00a1Se agradece mucho!<\/div>\n<div align=\"center\">\n<a href=\"https:\/\/i0.wp.com\/4.bp.blogspot.com\/-jgSXK03DIhI\/Tf-UNff9ADI\/AAAAAAAAAjA\/hm8Ff0JvGJc\/s1600\/nuevas%2Bleyendas%2Baragonesas%2B3.jpg\"><img data-recalc-dims=\"1\" decoding=\"async\" border=\"0\" alt=\"\" src=\"https:\/\/i0.wp.com\/4.bp.blogspot.com\/-jgSXK03DIhI\/Tf-UNff9ADI\/AAAAAAAAAjA\/hm8Ff0JvGJc\/s320\/nuevas%2Bleyendas%2Baragonesas%2B3.jpg?w=640\"><\/a> En la imagen, de izquierda a derecha: el editor, Joaqu\u00edn Casanova, y los autores, Jos\u00e9 Mar\u00eda Tamparillas, Ferm\u00edn Moreno, Roberto Malo, \u00d3scar Bribi\u00e1n y David Jasso.<\/div>\n<p><\/p>\n<div align=\"center\">\n<a href=\"https:\/\/i0.wp.com\/1.bp.blogspot.com\/-YMIpbuVHpso\/Tf-UJnzB_-I\/AAAAAAAAAi4\/AwLjVNY5lDg\/s1600\/nuevas%2Bleyendas%2Baragonesas%2B2.jpg\"><img data-recalc-dims=\"1\" decoding=\"async\" border=\"0\" alt=\"\" src=\"https:\/\/i0.wp.com\/1.bp.blogspot.com\/-YMIpbuVHpso\/Tf-UJnzB_-I\/AAAAAAAAAi4\/AwLjVNY5lDg\/s320\/nuevas%2Bleyendas%2Baragonesas%2B2.jpg?w=640\"><\/a> Un momento de la presentaci\u00f3n, nada menos.<\/p>\n<p><a href=\"https:\/\/i0.wp.com\/2.bp.blogspot.com\/-kV6HLVxs06M\/Tf-UE7Mh5TI\/AAAAAAAAAiw\/pcwqpSSvXg0\/s1600\/nuevas%2Bleyendas%2Baragonesas%2B1.jpg\"><img data-recalc-dims=\"1\" decoding=\"async\" border=\"0\" alt=\"\" src=\"https:\/\/i0.wp.com\/2.bp.blogspot.com\/-kV6HLVxs06M\/Tf-UE7Mh5TI\/AAAAAAAAAiw\/pcwqpSSvXg0\/s320\/nuevas%2Bleyendas%2Baragonesas%2B1.jpg?w=640\"><\/a> Momento de firmas. Cinco manos vivieron su momento de estr\u00e9s durante unos minutos. Cinco autores firmando dan para mucho. \ud83d\ude42<\/p>\n<div><\/div>\n<p>\n<\/div>\n","protected":false},"excerpt":{"rendered":"<p>El pasado jueves 16 de julio tuvo lugar la presentaci\u00f3n de Nuevas leyendas aragonesas en el IES Goya de Zaragoza. Mil gracias a todos los amigos, familiares y lectores en general (conocidos y desconocidos) que tuvieron a bien presenciar el &hellip; <a href=\"http:\/\/oscarbribian.com\/?p=147\">Sigue leyendo <span class=\"meta-nav\">&rarr;<\/span><\/a><\/p>\n","protected":false},"author":1,"featured_media":0,"comment_status":"open","ping_status":"open","sticky":false,"template":"","format":"standard","meta":{"jetpack_post_was_ever_published":false,"_jetpack_newsletter_access":"","_jetpack_dont_email_post_to_subs":false,"_jetpack_newsletter_tier_id":0,"_jetpack_memberships_contains_paywalled_content":false,"_jetpack_memberships_contains_paid_content":false,"footnotes":"","jetpack_publicize_message":"","jetpack_publicize_feature_enabled":true,"jetpack_social_post_already_shared":false,"jetpack_social_options":{"image_generator_settings":{"template":"highway","default_image_id":0,"font":"","enabled":false},"version":2}},"categories":[5,12,6],"tags":[],"class_list":["post-147","post","type-post","status-publish","format-standard","hentry","category-eventos","category-nuevas-leyendas-aragonesas","category-publicaciones"],"jetpack_publicize_connections":[],"jetpack_featured_media_url":"","jetpack_sharing_enabled":true,"jetpack_shortlink":"https:\/\/wp.me\/p9NjCT-2n","jetpack_likes_enabled":true,"jetpack-related-posts":[],"_links":{"self":[{"href":"http:\/\/oscarbribian.com\/index.php?rest_route=\/wp\/v2\/posts\/147","targetHints":{"allow":["GET"]}}],"collection":[{"href":"http:\/\/oscarbribian.com\/index.php?rest_route=\/wp\/v2\/posts"}],"about":[{"href":"http:\/\/oscarbribian.com\/index.php?rest_route=\/wp\/v2\/types\/post"}],"author":[{"embeddable":true,"href":"http:\/\/oscarbribian.com\/index.php?rest_route=\/wp\/v2\/users\/1"}],"replies":[{"embeddable":true,"href":"http:\/\/oscarbribian.com\/index.php?rest_route=%2Fwp%2Fv2%2Fcomments&post=147"}],"version-history":[{"count":0,"href":"http:\/\/oscarbribian.com\/index.php?rest_route=\/wp\/v2\/posts\/147\/revisions"}],"wp:attachment":[{"href":"http:\/\/oscarbribian.com\/index.php?rest_route=%2Fwp%2Fv2%2Fmedia&parent=147"}],"wp:term":[{"taxonomy":"category","embeddable":true,"href":"http:\/\/oscarbribian.com\/index.php?rest_route=%2Fwp%2Fv2%2Fcategories&post=147"},{"taxonomy":"post_tag","embeddable":true,"href":"http:\/\/oscarbribian.com\/index.php?rest_route=%2Fwp%2Fv2%2Ftags&post=147"}],"curies":[{"name":"wp","href":"https:\/\/api.w.org\/{rel}","templated":true}]}}