{"id":148,"date":"2011-06-06T07:08:00","date_gmt":"2011-06-06T07:08:00","guid":{"rendered":"http:\/\/oscarbribian.com\/?p=148"},"modified":"2011-06-06T07:08:00","modified_gmt":"2011-06-06T07:08:00","slug":"nuevas-leyendas-en-huesca-y-en-el-diario-del-alto-aragon","status":"publish","type":"post","link":"http:\/\/oscarbribian.com\/?p=148","title":{"rendered":"Nuevas leyendas en Huesca y en el Diario del Alto Arag\u00f3n"},"content":{"rendered":"<p>Entrevista en el Diario del Alto Arag\u00f3n con ocasi\u00f3n de la presentaci\u00f3n de \u00abNuevas leyendas aragonesas\u00bb el 31 de mayo en la feria del libro de la capital oscense. Puedes pinchar en la imagen para ampliarla y leer el texto.<\/p>\n<p><a href=\"https:\/\/i0.wp.com\/3.bp.blogspot.com\/-VwlcsD79pc0\/Tex9E_DlSII\/AAAAAAAAAiE\/fYISLCnDcLs\/s1600\/2011%2Bnuevas%2Bleyendas%2Bdiario%2Baltoaragon.jpg\"><img data-recalc-dims=\"1\" decoding=\"async\" border=\"0\" alt=\"\" src=\"https:\/\/i0.wp.com\/3.bp.blogspot.com\/-VwlcsD79pc0\/Tex9E_DlSII\/AAAAAAAAAiE\/fYISLCnDcLs\/s400\/2011%2Bnuevas%2Bleyendas%2Bdiario%2Baltoaragon.jpg?w=640\"><\/a><\/p>\n<div><\/div>\n","protected":false},"excerpt":{"rendered":"<p>Entrevista en el Diario del Alto Arag\u00f3n con ocasi\u00f3n de la presentaci\u00f3n de \u00abNuevas leyendas aragonesas\u00bb el 31 de mayo en la feria del libro de la capital oscense. Puedes pinchar en la imagen para ampliarla y leer el texto.<\/p>\n","protected":false},"author":1,"featured_media":0,"comment_status":"open","ping_status":"open","sticky":false,"template":"","format":"standard","meta":{"jetpack_post_was_ever_published":false,"_jetpack_newsletter_access":"","_jetpack_dont_email_post_to_subs":false,"_jetpack_newsletter_tier_id":0,"_jetpack_memberships_contains_paywalled_content":false,"_jetpack_memberships_contains_paid_content":false,"footnotes":"","jetpack_publicize_message":"","jetpack_publicize_feature_enabled":true,"jetpack_social_post_already_shared":false,"jetpack_social_options":{"image_generator_settings":{"template":"highway","default_image_id":0,"font":"","enabled":false},"version":2}},"categories":[9,12,20],"tags":[],"class_list":["post-148","post","type-post","status-publish","format-standard","hentry","category-entrevistas","category-nuevas-leyendas-aragonesas","category-prensa"],"jetpack_publicize_connections":[],"jetpack_featured_media_url":"","jetpack_sharing_enabled":true,"jetpack_shortlink":"https:\/\/wp.me\/p9NjCT-2o","jetpack_likes_enabled":true,"jetpack-related-posts":[],"_links":{"self":[{"href":"http:\/\/oscarbribian.com\/index.php?rest_route=\/wp\/v2\/posts\/148","targetHints":{"allow":["GET"]}}],"collection":[{"href":"http:\/\/oscarbribian.com\/index.php?rest_route=\/wp\/v2\/posts"}],"about":[{"href":"http:\/\/oscarbribian.com\/index.php?rest_route=\/wp\/v2\/types\/post"}],"author":[{"embeddable":true,"href":"http:\/\/oscarbribian.com\/index.php?rest_route=\/wp\/v2\/users\/1"}],"replies":[{"embeddable":true,"href":"http:\/\/oscarbribian.com\/index.php?rest_route=%2Fwp%2Fv2%2Fcomments&post=148"}],"version-history":[{"count":0,"href":"http:\/\/oscarbribian.com\/index.php?rest_route=\/wp\/v2\/posts\/148\/revisions"}],"wp:attachment":[{"href":"http:\/\/oscarbribian.com\/index.php?rest_route=%2Fwp%2Fv2%2Fmedia&parent=148"}],"wp:term":[{"taxonomy":"category","embeddable":true,"href":"http:\/\/oscarbribian.com\/index.php?rest_route=%2Fwp%2Fv2%2Fcategories&post=148"},{"taxonomy":"post_tag","embeddable":true,"href":"http:\/\/oscarbribian.com\/index.php?rest_route=%2Fwp%2Fv2%2Ftags&post=148"}],"curies":[{"name":"wp","href":"https:\/\/api.w.org\/{rel}","templated":true}]}}