{"id":150,"date":"2011-05-26T11:01:00","date_gmt":"2011-05-26T11:01:00","guid":{"rendered":"http:\/\/oscarbribian.com\/?p=150"},"modified":"2011-05-26T11:01:00","modified_gmt":"2011-05-26T11:01:00","slug":"nuevas-leyendas-aragonesas-en-la-feria-del-libro","status":"publish","type":"post","link":"http:\/\/oscarbribian.com\/?p=150","title":{"rendered":"Nuevas leyendas aragonesas, en la Feria del libro"},"content":{"rendered":"<p><a href=\"https:\/\/i0.wp.com\/2.bp.blogspot.com\/-m6xn90k6T1A\/Td4zR4IO9rI\/AAAAAAAAAho\/_peDK-s4C-Y\/s1600\/cartel.jpg\"><img data-recalc-dims=\"1\" decoding=\"async\" src=\"https:\/\/i0.wp.com\/2.bp.blogspot.com\/-m6xn90k6T1A\/Td4zR4IO9rI\/AAAAAAAAAho\/_peDK-s4C-Y\/s320\/cartel.jpg?w=640\" alt=\"\" border=\"0\"><\/a><strong><em>Nuevas leyendas aragonesas<\/em><\/strong> estar\u00e1 presente en la Feria del Libro de Zaragoza, 2011. <\/p>\n<p>Los lectores podr\u00e1n encontrar a los autores del libro en la caseta de la editorial Mira durante todo el d\u00eda, el domingo 5 de junio.<\/p>\n<p>Feria del Libro de Zaragoza:<br \/>Del 27 de Mayo al 5 de Junio.<br \/>Plaza de Arag\u00f3n<\/p>\n<p>Por otro lado, el martes 31 de mayo estaremos en la Feria de Huesca, de 18:00 a 21:00 horas, los autores Roberto Malo, Jos\u00e9 Mar\u00eda Tamparillas y \u00d6scar Bribi\u00e1n.<\/p>\n<p>Como siempre, m\u00e1s informaci\u00f3n en el blogs del libro: http:\/\/nuevasleyendasaragonesas.wordpress.com<\/p>\n","protected":false},"excerpt":{"rendered":"<p>Nuevas leyendas aragonesas estar\u00e1 presente en la Feria del Libro de Zaragoza, 2011. Los lectores podr\u00e1n encontrar a los autores del libro en la caseta de la editorial Mira durante todo el d\u00eda, el domingo 5 de junio. Feria del &hellip; <a href=\"http:\/\/oscarbribian.com\/?p=150\">Sigue leyendo <span class=\"meta-nav\">&rarr;<\/span><\/a><\/p>\n","protected":false},"author":1,"featured_media":0,"comment_status":"open","ping_status":"open","sticky":false,"template":"","format":"standard","meta":{"jetpack_post_was_ever_published":false,"_jetpack_newsletter_access":"","_jetpack_dont_email_post_to_subs":false,"_jetpack_newsletter_tier_id":0,"_jetpack_memberships_contains_paywalled_content":false,"_jetpack_memberships_contains_paid_content":false,"footnotes":"","jetpack_publicize_message":"","jetpack_publicize_feature_enabled":true,"jetpack_social_post_already_shared":false,"jetpack_social_options":{"image_generator_settings":{"template":"highway","default_image_id":0,"font":"","enabled":false},"version":2}},"categories":[10,5,12],"tags":[],"class_list":["post-150","post","type-post","status-publish","format-standard","hentry","category-antologias","category-eventos","category-nuevas-leyendas-aragonesas"],"jetpack_publicize_connections":[],"jetpack_featured_media_url":"","jetpack_sharing_enabled":true,"jetpack_shortlink":"https:\/\/wp.me\/p9NjCT-2q","jetpack_likes_enabled":true,"jetpack-related-posts":[],"_links":{"self":[{"href":"http:\/\/oscarbribian.com\/index.php?rest_route=\/wp\/v2\/posts\/150","targetHints":{"allow":["GET"]}}],"collection":[{"href":"http:\/\/oscarbribian.com\/index.php?rest_route=\/wp\/v2\/posts"}],"about":[{"href":"http:\/\/oscarbribian.com\/index.php?rest_route=\/wp\/v2\/types\/post"}],"author":[{"embeddable":true,"href":"http:\/\/oscarbribian.com\/index.php?rest_route=\/wp\/v2\/users\/1"}],"replies":[{"embeddable":true,"href":"http:\/\/oscarbribian.com\/index.php?rest_route=%2Fwp%2Fv2%2Fcomments&post=150"}],"version-history":[{"count":0,"href":"http:\/\/oscarbribian.com\/index.php?rest_route=\/wp\/v2\/posts\/150\/revisions"}],"wp:attachment":[{"href":"http:\/\/oscarbribian.com\/index.php?rest_route=%2Fwp%2Fv2%2Fmedia&parent=150"}],"wp:term":[{"taxonomy":"category","embeddable":true,"href":"http:\/\/oscarbribian.com\/index.php?rest_route=%2Fwp%2Fv2%2Fcategories&post=150"},{"taxonomy":"post_tag","embeddable":true,"href":"http:\/\/oscarbribian.com\/index.php?rest_route=%2Fwp%2Fv2%2Ftags&post=150"}],"curies":[{"name":"wp","href":"https:\/\/api.w.org\/{rel}","templated":true}]}}