{"id":176,"date":"2010-10-18T06:16:00","date_gmt":"2010-10-18T06:16:00","guid":{"rendered":"http:\/\/oscarbribian.com\/?p=176"},"modified":"2010-10-18T06:16:00","modified_gmt":"2010-10-18T06:16:00","slug":"mentes-perversas-en-miralbueno","status":"publish","type":"post","link":"http:\/\/oscarbribian.com\/?p=176","title":{"rendered":"Mentes perversas en Miralbueno"},"content":{"rendered":"<div align=\"justify\">El pr\u00f3ximo viernes 22 de octubre participar\u00e9 en las charlas \u00abEl autor y su obra\u00bb organizadas por la Asociaci\u00f3n Aragonesa de Escritores, como autor invitado para presentar <em><strong>Mentes perversas<\/strong><\/em>, en el centro c\u00edvico de Miralbueno (sala de la 3\u00aa edad, planta calle), junto a Jos\u00e9 Goser y Agust\u00edn Blanco (quienes presentar\u00e1n sus propias obras).<\/div>\n<div align=\"justify\">El evento tendr\u00e1 lugar a las 18:00 horas. <\/div>\n<div align=\"justify\">Si alguno de vosotros, querid\u00edsimos y fieles lectores, quer\u00e9is pasaros para comentar algo sobre el libro, o escuchar algunas an\u00e9cdotas, o para tomar una cerveza despu\u00e9s, estar\u00e9 encantado de recibiros. \ud83d\ude42<\/div>\n","protected":false},"excerpt":{"rendered":"<p>El pr\u00f3ximo viernes 22 de octubre participar\u00e9 en las charlas \u00abEl autor y su obra\u00bb organizadas por la Asociaci\u00f3n Aragonesa de Escritores, como autor invitado para presentar Mentes perversas, en el centro c\u00edvico de Miralbueno (sala de la 3\u00aa edad, &hellip; <a href=\"http:\/\/oscarbribian.com\/?p=176\">Sigue leyendo <span class=\"meta-nav\">&rarr;<\/span><\/a><\/p>\n","protected":false},"author":1,"featured_media":0,"comment_status":"open","ping_status":"open","sticky":false,"template":"","format":"standard","meta":{"jetpack_post_was_ever_published":false,"_jetpack_newsletter_access":"","_jetpack_dont_email_post_to_subs":false,"_jetpack_newsletter_tier_id":0,"_jetpack_memberships_contains_paywalled_content":false,"_jetpack_memberships_contains_paid_content":false,"footnotes":"","jetpack_publicize_message":"","jetpack_publicize_feature_enabled":true,"jetpack_social_post_already_shared":false,"jetpack_social_options":{"image_generator_settings":{"template":"highway","default_image_id":0,"font":"","enabled":false},"version":2}},"categories":[14,5],"tags":[],"class_list":["post-176","post","type-post","status-publish","format-standard","hentry","category-charlas-y-conferencias","category-eventos"],"jetpack_publicize_connections":[],"jetpack_featured_media_url":"","jetpack_sharing_enabled":true,"jetpack_shortlink":"https:\/\/wp.me\/p9NjCT-2Q","jetpack_likes_enabled":true,"jetpack-related-posts":[],"_links":{"self":[{"href":"http:\/\/oscarbribian.com\/index.php?rest_route=\/wp\/v2\/posts\/176","targetHints":{"allow":["GET"]}}],"collection":[{"href":"http:\/\/oscarbribian.com\/index.php?rest_route=\/wp\/v2\/posts"}],"about":[{"href":"http:\/\/oscarbribian.com\/index.php?rest_route=\/wp\/v2\/types\/post"}],"author":[{"embeddable":true,"href":"http:\/\/oscarbribian.com\/index.php?rest_route=\/wp\/v2\/users\/1"}],"replies":[{"embeddable":true,"href":"http:\/\/oscarbribian.com\/index.php?rest_route=%2Fwp%2Fv2%2Fcomments&post=176"}],"version-history":[{"count":0,"href":"http:\/\/oscarbribian.com\/index.php?rest_route=\/wp\/v2\/posts\/176\/revisions"}],"wp:attachment":[{"href":"http:\/\/oscarbribian.com\/index.php?rest_route=%2Fwp%2Fv2%2Fmedia&parent=176"}],"wp:term":[{"taxonomy":"category","embeddable":true,"href":"http:\/\/oscarbribian.com\/index.php?rest_route=%2Fwp%2Fv2%2Fcategories&post=176"},{"taxonomy":"post_tag","embeddable":true,"href":"http:\/\/oscarbribian.com\/index.php?rest_route=%2Fwp%2Fv2%2Ftags&post=176"}],"curies":[{"name":"wp","href":"https:\/\/api.w.org\/{rel}","templated":true}]}}