{"id":177,"date":"2010-10-16T08:22:00","date_gmt":"2010-10-16T08:22:00","guid":{"rendered":"http:\/\/oscarbribian.com\/?p=177"},"modified":"2010-10-16T08:22:00","modified_gmt":"2010-10-16T08:22:00","slug":"la-hispacon-2010-breves-anotaciones","status":"publish","type":"post","link":"http:\/\/oscarbribian.com\/?p=177","title":{"rendered":"La hispac\u00f3n 2010, breves anotaciones"},"content":{"rendered":"<div align=\"justify\">Como muchas personas ya han realizado detalladas rese\u00f1as sobre la Hispac\u00f3n que tuvo lugar este a\u00f1o 2010, solo voy a comentar algunos puntos (las fotos han sido extra\u00eddas del blog de Roberto Malo, <a href=\"http:\/\/www.robertomalo.blogspot.com\/\">www.robertomalo.blogspot.com<\/a>):<\/div>\n<p><img data-recalc-dims=\"1\" decoding=\"async\" border=\"0\" alt=\"\" src=\"https:\/\/i0.wp.com\/3.bp.blogspot.com\/_TQOiFgpmezE\/TLirr5BZWZI\/AAAAAAAAAek\/4bmVwcAZgjk\/s320\/presentacion%2Bsergio_vera_ismael_emilio.jpg?w=640\"><\/p>\n<div align=\"justify\">Aunque llegu\u00e9 tarde a la convenci\u00f3n (el lunes), tuve tiempo de asistir a algunas presentaciones de libros. En concreto, en la foto aparecen Sergio Vera y Emilio Bueso presentando el esperad\u00edsimo libro de Ismael Mart\u00ednez Biurrun. Espero leerlo la pr\u00f3xima semana y hacer la oportuna rese\u00f1a para un portal literario bastante reconocido. Seguro que la novela de Ismael no defrauda, aunque tiene el list\u00f3n muy alto tras sus dos exitosas novelas anteriores.<\/div>\n<p><a href=\"https:\/\/i0.wp.com\/1.bp.blogspot.com\/_TQOiFgpmezE\/TLiqcFda3NI\/AAAAAAAAAec\/ng1tYR9lOQg\/s1600\/oscar%2By%2Broberto%2Bhispacon%2B2010.jpg\"><img data-recalc-dims=\"1\" decoding=\"async\" border=\"0\" alt=\"\" src=\"https:\/\/i0.wp.com\/1.bp.blogspot.com\/_TQOiFgpmezE\/TLiqcFda3NI\/AAAAAAAAAec\/ng1tYR9lOQg\/s320\/oscar%2By%2Broberto%2Bhispacon%2B2010.jpg?w=640\"><\/a> Aqu\u00ed una foto con el bandido (digo&#8230; escritor) Roberto Malo, compa\u00f1ero del viaje rel\u00e1mpago y de habitaci\u00f3n.<\/p>\n<p><\/p>\n<div align=\"justify\">\n<a href=\"https:\/\/i0.wp.com\/2.bp.blogspot.com\/_TQOiFgpmezE\/TLiqYYK-8gI\/AAAAAAAAAeU\/YdI_DMFRHS4\/s1600\/IMG_1446.jpg\"><img data-recalc-dims=\"1\" decoding=\"async\" border=\"0\" alt=\"\" src=\"https:\/\/i0.wp.com\/2.bp.blogspot.com\/_TQOiFgpmezE\/TLiqYYK-8gI\/AAAAAAAAAeU\/YdI_DMFRHS4\/s320\/IMG_1446.jpg?w=640\"><\/a> Foto de la estupenda escultura que representa el premio Nocte (esculpida por Rafa Rius). En este caso, es la estatuilla perteneciente a Jos\u00e9 Miguel Vilar Bou, ganador de la categor\u00eda de mejor relato de terror nacional publicado en el a\u00f1o 2009.<\/p>\n<p><img data-recalc-dims=\"1\" decoding=\"async\" border=\"0\" alt=\"\" src=\"https:\/\/i0.wp.com\/3.bp.blogspot.com\/_TQOiFgpmezE\/TLiqMTOPpyI\/AAAAAAAAAeE\/KWKH3vqq20o\/s320\/Monteagudo%2Brecibe%2Bpremio%2BNocte.jpg?w=640\"><\/p>\n<div align=\"justify\">Tuvimos el lujo de contar con un escritor de la talla de David Monteagudo para recoger el premio Nocte a mejor novela de terror publicada en el a\u00f1o 2009.<\/div>\n<p><\/p>\n<div align=\"justify\">\n<a href=\"https:\/\/i0.wp.com\/2.bp.blogspot.com\/_TQOiFgpmezE\/TLiqSX_ax1I\/AAAAAAAAAeM\/098En9_X7gQ\/s1600\/ignotus_mejor%2Brevista%2BCalabazas%2Ben%2Bel%2Btrastero.jpg\"><img data-recalc-dims=\"1\" decoding=\"async\" border=\"0\" alt=\"\" src=\"https:\/\/i0.wp.com\/2.bp.blogspot.com\/_TQOiFgpmezE\/TLiqSX_ax1I\/AAAAAAAAAeM\/098En9_X7gQ\/s320\/ignotus_mejor%2Brevista%2BCalabazas%2Ben%2Bel%2Btrastero.jpg?w=640\"><\/a> Y finalmente, una breve menci\u00f3n relativa a los Ignotus. Me gust\u00f3 especialmente que \u00abCalabazas en el trastero\u00bb se llevara el premio a la mejor revista. Mi sincera enhorabuena al grupo de la entusiasta editorial Saco de Huesos. Mucha fuerza y suerte en los a\u00f1os venideros. L\u00e1stima que con ello la revista \u00abSable\u00bb se quedase finalista, porque el trabajo de su editor, Ferm\u00edn Moreno, tambi\u00e9n merece distinci\u00f3n, desde hace ya algunos a\u00f1os.<\/div>\n<\/div>\n","protected":false},"excerpt":{"rendered":"<p>Como muchas personas ya han realizado detalladas rese\u00f1as sobre la Hispac\u00f3n que tuvo lugar este a\u00f1o 2010, solo voy a comentar algunos puntos (las fotos han sido extra\u00eddas del blog de Roberto Malo, www.robertomalo.blogspot.com): Aunque llegu\u00e9 tarde a la convenci\u00f3n &hellip; <a href=\"http:\/\/oscarbribian.com\/?p=177\">Sigue leyendo <span class=\"meta-nav\">&rarr;<\/span><\/a><\/p>\n","protected":false},"author":1,"featured_media":0,"comment_status":"open","ping_status":"open","sticky":false,"template":"","format":"standard","meta":{"jetpack_post_was_ever_published":false,"_jetpack_newsletter_access":"","_jetpack_dont_email_post_to_subs":false,"_jetpack_newsletter_tier_id":0,"_jetpack_memberships_contains_paywalled_content":false,"_jetpack_memberships_contains_paid_content":false,"footnotes":"","jetpack_publicize_message":"","jetpack_publicize_feature_enabled":true,"jetpack_social_post_already_shared":false,"jetpack_social_options":{"image_generator_settings":{"template":"highway","default_image_id":0,"font":"","enabled":false},"version":2}},"categories":[5],"tags":[],"class_list":["post-177","post","type-post","status-publish","format-standard","hentry","category-eventos"],"jetpack_publicize_connections":[],"jetpack_featured_media_url":"","jetpack_sharing_enabled":true,"jetpack_shortlink":"https:\/\/wp.me\/p9NjCT-2R","jetpack_likes_enabled":true,"jetpack-related-posts":[],"_links":{"self":[{"href":"http:\/\/oscarbribian.com\/index.php?rest_route=\/wp\/v2\/posts\/177","targetHints":{"allow":["GET"]}}],"collection":[{"href":"http:\/\/oscarbribian.com\/index.php?rest_route=\/wp\/v2\/posts"}],"about":[{"href":"http:\/\/oscarbribian.com\/index.php?rest_route=\/wp\/v2\/types\/post"}],"author":[{"embeddable":true,"href":"http:\/\/oscarbribian.com\/index.php?rest_route=\/wp\/v2\/users\/1"}],"replies":[{"embeddable":true,"href":"http:\/\/oscarbribian.com\/index.php?rest_route=%2Fwp%2Fv2%2Fcomments&post=177"}],"version-history":[{"count":0,"href":"http:\/\/oscarbribian.com\/index.php?rest_route=\/wp\/v2\/posts\/177\/revisions"}],"wp:attachment":[{"href":"http:\/\/oscarbribian.com\/index.php?rest_route=%2Fwp%2Fv2%2Fmedia&parent=177"}],"wp:term":[{"taxonomy":"category","embeddable":true,"href":"http:\/\/oscarbribian.com\/index.php?rest_route=%2Fwp%2Fv2%2Fcategories&post=177"},{"taxonomy":"post_tag","embeddable":true,"href":"http:\/\/oscarbribian.com\/index.php?rest_route=%2Fwp%2Fv2%2Ftags&post=177"}],"curies":[{"name":"wp","href":"https:\/\/api.w.org\/{rel}","templated":true}]}}