{"id":189,"date":"2010-09-09T11:40:00","date_gmt":"2010-09-09T11:40:00","guid":{"rendered":"http:\/\/oscarbribian.com\/?p=189"},"modified":"2010-09-09T11:40:00","modified_gmt":"2010-09-09T11:40:00","slug":"poetas-jovenes-aragoneses","status":"publish","type":"post","link":"http:\/\/oscarbribian.com\/?p=189","title":{"rendered":"Poetas j\u00f3venes aragoneses"},"content":{"rendered":"<div align=\"justify\">En breve dar\u00e1 comenzo el I CICLO DE POETAS J\u00d3VENES ARAGONESES, organizado por la Asociaci\u00f3n Aragonesa de Escritores y patrocinado por el Ayuntamiento de Zaragoza.<\/p>\n<p>Lugar:<\/p><\/div>\n<div align=\"justify\">Cava del pub \u201cDivino Amore\u201d, Plaza del Carmen , 9, a las 22:00 horas.<\/div>\n<div align=\"justify\"> <\/div>\n<div align=\"justify\">El d\u00eda 17 de septiembre (viernes) leer\u00e1n poes\u00edas de su cosecha propia los autores Sof\u00eda Gonz\u00e1lez, Elena Larraz y Pablo Salda\u00f1a.<\/div>\n<div align=\"justify\"> <\/div>\n<div align=\"justify\">El d\u00eda 24 de septiembre (tambi\u00e9n viernes) recitar\u00e9 algunos de mis poemas junto a Elisa Berna y Marcos Callau.<\/div>\n<div align=\"justify\"> <\/div>\n<div align=\"justify\">El d\u00eda 1 de octubre cerrar\u00e1n el ciclo los poetas Jes\u00fas Ortiz, Sof\u00eda D\u00edaz Gotor y Daniel Sancet.\n<\/div>\n<div align=\"justify\">Las actuaciones tendr\u00e1 una duraci\u00f3n m\u00e1xima de 20-30 minutos por cada poeta, y el local est\u00e1 francamente bien, muy propicio para estos actos, de manera que ser\u00e1 muy ameno. \u00a1Espero veros por all\u00ed!<\/div>\n","protected":false},"excerpt":{"rendered":"<p>En breve dar\u00e1 comenzo el I CICLO DE POETAS J\u00d3VENES ARAGONESES, organizado por la Asociaci\u00f3n Aragonesa de Escritores y patrocinado por el Ayuntamiento de Zaragoza. Lugar: Cava del pub \u201cDivino Amore\u201d, Plaza del Carmen , 9, a las 22:00 horas. &hellip; <a href=\"http:\/\/oscarbribian.com\/?p=189\">Sigue leyendo <span class=\"meta-nav\">&rarr;<\/span><\/a><\/p>\n","protected":false},"author":1,"featured_media":0,"comment_status":"open","ping_status":"open","sticky":false,"template":"","format":"standard","meta":{"jetpack_post_was_ever_published":false,"_jetpack_newsletter_access":"","_jetpack_dont_email_post_to_subs":false,"_jetpack_newsletter_tier_id":0,"_jetpack_memberships_contains_paywalled_content":false,"_jetpack_memberships_contains_paid_content":false,"footnotes":"","jetpack_publicize_message":"","jetpack_publicize_feature_enabled":true,"jetpack_social_post_already_shared":false,"jetpack_social_options":{"image_generator_settings":{"template":"highway","default_image_id":0,"font":"","enabled":false},"version":2}},"categories":[5,16],"tags":[],"class_list":["post-189","post","type-post","status-publish","format-standard","hentry","category-eventos","category-poesia"],"jetpack_publicize_connections":[],"jetpack_featured_media_url":"","jetpack_sharing_enabled":true,"jetpack_shortlink":"https:\/\/wp.me\/p9NjCT-33","jetpack_likes_enabled":true,"jetpack-related-posts":[],"_links":{"self":[{"href":"http:\/\/oscarbribian.com\/index.php?rest_route=\/wp\/v2\/posts\/189","targetHints":{"allow":["GET"]}}],"collection":[{"href":"http:\/\/oscarbribian.com\/index.php?rest_route=\/wp\/v2\/posts"}],"about":[{"href":"http:\/\/oscarbribian.com\/index.php?rest_route=\/wp\/v2\/types\/post"}],"author":[{"embeddable":true,"href":"http:\/\/oscarbribian.com\/index.php?rest_route=\/wp\/v2\/users\/1"}],"replies":[{"embeddable":true,"href":"http:\/\/oscarbribian.com\/index.php?rest_route=%2Fwp%2Fv2%2Fcomments&post=189"}],"version-history":[{"count":0,"href":"http:\/\/oscarbribian.com\/index.php?rest_route=\/wp\/v2\/posts\/189\/revisions"}],"wp:attachment":[{"href":"http:\/\/oscarbribian.com\/index.php?rest_route=%2Fwp%2Fv2%2Fmedia&parent=189"}],"wp:term":[{"taxonomy":"category","embeddable":true,"href":"http:\/\/oscarbribian.com\/index.php?rest_route=%2Fwp%2Fv2%2Fcategories&post=189"},{"taxonomy":"post_tag","embeddable":true,"href":"http:\/\/oscarbribian.com\/index.php?rest_route=%2Fwp%2Fv2%2Ftags&post=189"}],"curies":[{"name":"wp","href":"https:\/\/api.w.org\/{rel}","templated":true}]}}