{"id":198,"date":"2010-05-28T12:38:00","date_gmt":"2010-05-28T12:38:00","guid":{"rendered":"http:\/\/oscarbribian.com\/?p=198"},"modified":"2010-05-28T12:38:00","modified_gmt":"2010-05-28T12:38:00","slug":"feria-del-libro-de-zaragoza-2010","status":"publish","type":"post","link":"http:\/\/oscarbribian.com\/?p=198","title":{"rendered":"Feria del libro de Zaragoza, 2010"},"content":{"rendered":"<p><a href=\"https:\/\/i0.wp.com\/3.bp.blogspot.com\/_TQOiFgpmezE\/S_-54u-HwEI\/AAAAAAAAAbs\/e3BwnleA3us\/s1600\/cartel.jpg\"><img data-recalc-dims=\"1\" decoding=\"async\" alt=\"\" src=\"https:\/\/i0.wp.com\/3.bp.blogspot.com\/_TQOiFgpmezE\/S_-54u-HwEI\/AAAAAAAAAbs\/e3BwnleA3us\/s200\/cartel.jpg?w=640\" border=\"0\"><\/a> La pr\u00f3xima semana estar\u00e9 firmando en la Feria del Libro de Zaragoza. Este a\u00f1o la feria es del 28 de Mayo al 6 de Junio, de 11 a 14 y de 18 a 21:30 horas.<br \/>Por mi parte, yo estar\u00e9 firmando ejemplares los d\u00edas:<br \/>-Martes 1 de junio, de 19:00 hasta cierre en Mira editores.<br \/>-Domingo 6 de junio, de 18:00 a 19:30, en Casa del Libro<\/p>\n<p>A continuaci\u00f3n un enlace con todo el programa de la Feria del Libro:<br \/><a href=\"http:\/\/www.feriadellibrodezaragoza.leggio.info\/index.html\">http:\/\/www.feriadellibrodezaragoza.leggio.info\/index.html<\/a><\/p>\n","protected":false},"excerpt":{"rendered":"<p>La pr\u00f3xima semana estar\u00e9 firmando en la Feria del Libro de Zaragoza. Este a\u00f1o la feria es del 28 de Mayo al 6 de Junio, de 11 a 14 y de 18 a 21:30 horas.Por mi parte, yo estar\u00e9 firmando &hellip; <a href=\"http:\/\/oscarbribian.com\/?p=198\">Sigue leyendo <span class=\"meta-nav\">&rarr;<\/span><\/a><\/p>\n","protected":false},"author":1,"featured_media":0,"comment_status":"open","ping_status":"open","sticky":false,"template":"","format":"standard","meta":{"jetpack_post_was_ever_published":false,"_jetpack_newsletter_access":"","_jetpack_dont_email_post_to_subs":false,"_jetpack_newsletter_tier_id":0,"_jetpack_memberships_contains_paywalled_content":false,"_jetpack_memberships_contains_paid_content":false,"footnotes":"","jetpack_publicize_message":"","jetpack_publicize_feature_enabled":true,"jetpack_social_post_already_shared":false,"jetpack_social_options":{"image_generator_settings":{"template":"highway","default_image_id":0,"font":"","enabled":false},"version":2}},"categories":[5],"tags":[],"class_list":["post-198","post","type-post","status-publish","format-standard","hentry","category-eventos"],"jetpack_publicize_connections":[],"jetpack_featured_media_url":"","jetpack_sharing_enabled":true,"jetpack_shortlink":"https:\/\/wp.me\/p9NjCT-3c","jetpack_likes_enabled":true,"jetpack-related-posts":[],"_links":{"self":[{"href":"http:\/\/oscarbribian.com\/index.php?rest_route=\/wp\/v2\/posts\/198","targetHints":{"allow":["GET"]}}],"collection":[{"href":"http:\/\/oscarbribian.com\/index.php?rest_route=\/wp\/v2\/posts"}],"about":[{"href":"http:\/\/oscarbribian.com\/index.php?rest_route=\/wp\/v2\/types\/post"}],"author":[{"embeddable":true,"href":"http:\/\/oscarbribian.com\/index.php?rest_route=\/wp\/v2\/users\/1"}],"replies":[{"embeddable":true,"href":"http:\/\/oscarbribian.com\/index.php?rest_route=%2Fwp%2Fv2%2Fcomments&post=198"}],"version-history":[{"count":0,"href":"http:\/\/oscarbribian.com\/index.php?rest_route=\/wp\/v2\/posts\/198\/revisions"}],"wp:attachment":[{"href":"http:\/\/oscarbribian.com\/index.php?rest_route=%2Fwp%2Fv2%2Fmedia&parent=198"}],"wp:term":[{"taxonomy":"category","embeddable":true,"href":"http:\/\/oscarbribian.com\/index.php?rest_route=%2Fwp%2Fv2%2Fcategories&post=198"},{"taxonomy":"post_tag","embeddable":true,"href":"http:\/\/oscarbribian.com\/index.php?rest_route=%2Fwp%2Fv2%2Ftags&post=198"}],"curies":[{"name":"wp","href":"https:\/\/api.w.org\/{rel}","templated":true}]}}