{"id":219,"date":"2010-04-15T06:40:00","date_gmt":"2010-04-15T06:40:00","guid":{"rendered":"http:\/\/oscarbribian.com\/?p=219"},"modified":"2010-04-15T06:40:00","modified_gmt":"2010-04-15T06:40:00","slug":"conferencia-en-la-universidad-de-zaragoza","status":"publish","type":"post","link":"http:\/\/oscarbribian.com\/?p=219","title":{"rendered":"Conferencia en la Universidad de Zaragoza"},"content":{"rendered":"<p><a href=\"http:\/\/2.bp.blogspot.com\/_TQOiFgpmezE\/S8a1GGGVRxI\/AAAAAAAAAa0\/Hb1jKpG7xyA\/s1600\/japon.jpe\"><img decoding=\"async\" alt=\"\" src=\"http:\/\/2.bp.blogspot.com\/_TQOiFgpmezE\/S8a1GGGVRxI\/AAAAAAAAAa0\/Hb1jKpG7xyA\/s320\/japon.jpe\" border=\"0\"><\/a>Para los zaragozanos:<\/p>\n<p>Biblioteca Mar\u00eda Moliner (Facultad de Filosof\u00eda y Letras)<br \/>13:00 horas<\/p>\n<div>\n<strong>Conferencia de Pinocho Blues en la IX SEMANA CULTURAL JAPONESA de la Universidad de Zaragoza.<\/strong> Con la participaci\u00f3n de Juan Royo, \u00d3scar Bribi\u00e1n y el autor.<br \/>Este a\u00f1o el cartel del evento ha sido realizado por el autor, Carlos Bribi\u00e1n.<\/div>\n","protected":false},"excerpt":{"rendered":"<p>Para los zaragozanos: Biblioteca Mar\u00eda Moliner (Facultad de Filosof\u00eda y Letras)13:00 horas Conferencia de Pinocho Blues en la IX SEMANA CULTURAL JAPONESA de la Universidad de Zaragoza. Con la participaci\u00f3n de Juan Royo, \u00d3scar Bribi\u00e1n y el autor.Este a\u00f1o el &hellip; <a href=\"http:\/\/oscarbribian.com\/?p=219\">Sigue leyendo <span class=\"meta-nav\">&rarr;<\/span><\/a><\/p>\n","protected":false},"author":1,"featured_media":0,"comment_status":"open","ping_status":"open","sticky":false,"template":"","format":"standard","meta":{"jetpack_post_was_ever_published":false,"_jetpack_newsletter_access":"","_jetpack_dont_email_post_to_subs":false,"_jetpack_newsletter_tier_id":0,"_jetpack_memberships_contains_paywalled_content":false,"_jetpack_memberships_contains_paid_content":false,"footnotes":"","jetpack_publicize_message":"","jetpack_publicize_feature_enabled":true,"jetpack_social_post_already_shared":false,"jetpack_social_options":{"image_generator_settings":{"template":"highway","default_image_id":0,"font":"","enabled":false},"version":2}},"categories":[14,5],"tags":[],"class_list":["post-219","post","type-post","status-publish","format-standard","hentry","category-charlas-y-conferencias","category-eventos"],"jetpack_publicize_connections":[],"jetpack_featured_media_url":"","jetpack_sharing_enabled":true,"jetpack_shortlink":"https:\/\/wp.me\/p9NjCT-3x","jetpack_likes_enabled":true,"jetpack-related-posts":[],"_links":{"self":[{"href":"http:\/\/oscarbribian.com\/index.php?rest_route=\/wp\/v2\/posts\/219","targetHints":{"allow":["GET"]}}],"collection":[{"href":"http:\/\/oscarbribian.com\/index.php?rest_route=\/wp\/v2\/posts"}],"about":[{"href":"http:\/\/oscarbribian.com\/index.php?rest_route=\/wp\/v2\/types\/post"}],"author":[{"embeddable":true,"href":"http:\/\/oscarbribian.com\/index.php?rest_route=\/wp\/v2\/users\/1"}],"replies":[{"embeddable":true,"href":"http:\/\/oscarbribian.com\/index.php?rest_route=%2Fwp%2Fv2%2Fcomments&post=219"}],"version-history":[{"count":0,"href":"http:\/\/oscarbribian.com\/index.php?rest_route=\/wp\/v2\/posts\/219\/revisions"}],"wp:attachment":[{"href":"http:\/\/oscarbribian.com\/index.php?rest_route=%2Fwp%2Fv2%2Fmedia&parent=219"}],"wp:term":[{"taxonomy":"category","embeddable":true,"href":"http:\/\/oscarbribian.com\/index.php?rest_route=%2Fwp%2Fv2%2Fcategories&post=219"},{"taxonomy":"post_tag","embeddable":true,"href":"http:\/\/oscarbribian.com\/index.php?rest_route=%2Fwp%2Fv2%2Ftags&post=219"}],"curies":[{"name":"wp","href":"https:\/\/api.w.org\/{rel}","templated":true}]}}