{"id":231,"date":"2010-03-07T10:05:00","date_gmt":"2010-03-07T10:05:00","guid":{"rendered":"http:\/\/oscarbribian.com\/?p=231"},"modified":"2010-03-07T10:05:00","modified_gmt":"2010-03-07T10:05:00","slug":"oscar-bribian-y-mentes-perversas-en-intereconomia-y-radio-ebro","status":"publish","type":"post","link":"http:\/\/oscarbribian.com\/?p=231","title":{"rendered":"\u00d3scar Bribi\u00e1n y &quot;Mentes perversas&quot; en Intereconom\u00eda y Radio Ebro"},"content":{"rendered":"<div align=\"justify\">El pr\u00f3ximo martes 9 de marzo ser\u00e9 entrevistado en directo en Radio Ebro sobre las 12:15 de la ma\u00f1ana (105.2 FM), con ocasi\u00f3n de la publicaci\u00f3n del libro de relatos \u00abMentes perversas\u00bb.<\/div>\n<div align=\"justify\"><img data-recalc-dims=\"1\" decoding=\"async\" border=\"0\" alt=\"\" src=\"https:\/\/i0.wp.com\/3.bp.blogspot.com\/_TQOiFgpmezE\/S5N6p_aCnUI\/AAAAAAAAAYU\/B0S5OUe5lTo\/s320\/logoradioebro.jpg?w=640\"><\/div>\n<div align=\"justify\"> <\/div>\n<div align=\"justify\">Poco despu\u00e9s, sobre las 12:40 horas ser\u00e9 entrevistado en Intereconom\u00eda (Zaragoza &#8211; 90.3 Mhz).<a href=\"https:\/\/i0.wp.com\/3.bp.blogspot.com\/_TQOiFgpmezE\/S5N6p_aCnUI\/AAAAAAAAAYU\/B0S5OUe5lTo\/s1600-h\/logoradioebro.jpg\"><img data-recalc-dims=\"1\" decoding=\"async\" border=\"0\" alt=\"\" src=\"https:\/\/i0.wp.com\/4.bp.blogspot.com\/_TQOiFgpmezE\/S5N6kEc6dZI\/AAAAAAAAAYM\/iKaMdJCyk0A\/s320\/logo_intereconomia.jpg?w=640\"><\/a>\n<\/div>\n","protected":false},"excerpt":{"rendered":"<p>El pr\u00f3ximo martes 9 de marzo ser\u00e9 entrevistado en directo en Radio Ebro sobre las 12:15 de la ma\u00f1ana (105.2 FM), con ocasi\u00f3n de la publicaci\u00f3n del libro de relatos \u00abMentes perversas\u00bb. Poco despu\u00e9s, sobre las 12:40 horas ser\u00e9 entrevistado &hellip; <a href=\"http:\/\/oscarbribian.com\/?p=231\">Sigue leyendo <span class=\"meta-nav\">&rarr;<\/span><\/a><\/p>\n","protected":false},"author":1,"featured_media":0,"comment_status":"open","ping_status":"open","sticky":false,"template":"","format":"standard","meta":{"jetpack_post_was_ever_published":false,"_jetpack_newsletter_access":"","_jetpack_dont_email_post_to_subs":false,"_jetpack_newsletter_tier_id":0,"_jetpack_memberships_contains_paywalled_content":false,"_jetpack_memberships_contains_paid_content":false,"footnotes":"","jetpack_publicize_message":"","jetpack_publicize_feature_enabled":true,"jetpack_social_post_already_shared":false,"jetpack_social_options":{"image_generator_settings":{"template":"highway","default_image_id":0,"font":"","enabled":false},"version":2}},"categories":[5,20],"tags":[],"class_list":["post-231","post","type-post","status-publish","format-standard","hentry","category-eventos","category-prensa"],"jetpack_publicize_connections":[],"jetpack_featured_media_url":"","jetpack_sharing_enabled":true,"jetpack_shortlink":"https:\/\/wp.me\/p9NjCT-3J","jetpack_likes_enabled":true,"jetpack-related-posts":[],"_links":{"self":[{"href":"http:\/\/oscarbribian.com\/index.php?rest_route=\/wp\/v2\/posts\/231","targetHints":{"allow":["GET"]}}],"collection":[{"href":"http:\/\/oscarbribian.com\/index.php?rest_route=\/wp\/v2\/posts"}],"about":[{"href":"http:\/\/oscarbribian.com\/index.php?rest_route=\/wp\/v2\/types\/post"}],"author":[{"embeddable":true,"href":"http:\/\/oscarbribian.com\/index.php?rest_route=\/wp\/v2\/users\/1"}],"replies":[{"embeddable":true,"href":"http:\/\/oscarbribian.com\/index.php?rest_route=%2Fwp%2Fv2%2Fcomments&post=231"}],"version-history":[{"count":0,"href":"http:\/\/oscarbribian.com\/index.php?rest_route=\/wp\/v2\/posts\/231\/revisions"}],"wp:attachment":[{"href":"http:\/\/oscarbribian.com\/index.php?rest_route=%2Fwp%2Fv2%2Fmedia&parent=231"}],"wp:term":[{"taxonomy":"category","embeddable":true,"href":"http:\/\/oscarbribian.com\/index.php?rest_route=%2Fwp%2Fv2%2Fcategories&post=231"},{"taxonomy":"post_tag","embeddable":true,"href":"http:\/\/oscarbribian.com\/index.php?rest_route=%2Fwp%2Fv2%2Ftags&post=231"}],"curies":[{"name":"wp","href":"https:\/\/api.w.org\/{rel}","templated":true}]}}