{"id":248,"date":"2010-01-25T14:19:00","date_gmt":"2010-01-25T14:19:00","guid":{"rendered":"http:\/\/oscarbribian.com\/?p=248"},"modified":"2010-01-25T14:19:00","modified_gmt":"2010-01-25T14:19:00","slug":"programa-borradores-junto-a-anton-castro","status":"publish","type":"post","link":"http:\/\/oscarbribian.com\/?p=248","title":{"rendered":"Programa Borradores, junto a Ant\u00f3n Castro"},"content":{"rendered":"<p><a href=\"https:\/\/i0.wp.com\/4.bp.blogspot.com\/_TQOiFgpmezE\/S12or2kNR5I\/AAAAAAAAAVs\/m2vklTQpmTI\/s1600-h\/borradores_oscarbribian1.jpg\"><img data-recalc-dims=\"1\" decoding=\"async\" border=\"0\" alt=\"\" src=\"https:\/\/i0.wp.com\/4.bp.blogspot.com\/_TQOiFgpmezE\/S12or2kNR5I\/AAAAAAAAAVs\/m2vklTQpmTI\/s320\/borradores_oscarbribian1.jpg?w=640\"><\/a><\/p>\n<div><\/div>\n<p>Ya puede verse en youtube la <a href=\"http:\/\/www.youtube.com\/watch?v=gM4tusj3Z9U\">entrevista que Ant\u00f3n Castro me realiz\u00f3 para el programa Borradores de Arag\u00f3n Televisi\u00f3n<\/a>, con ocasi\u00f3n de la publicaci\u00f3n de <em>Mentes perversas.<\/em><\/p>\n","protected":false},"excerpt":{"rendered":"<p>Ya puede verse en youtube la entrevista que Ant\u00f3n Castro me realiz\u00f3 para el programa Borradores de Arag\u00f3n Televisi\u00f3n, con ocasi\u00f3n de la publicaci\u00f3n de Mentes perversas.<\/p>\n","protected":false},"author":1,"featured_media":0,"comment_status":"open","ping_status":"open","sticky":false,"template":"","format":"standard","meta":{"jetpack_post_was_ever_published":false,"_jetpack_newsletter_access":"","_jetpack_dont_email_post_to_subs":false,"_jetpack_newsletter_tier_id":0,"_jetpack_memberships_contains_paywalled_content":false,"_jetpack_memberships_contains_paid_content":false,"footnotes":"","jetpack_publicize_message":"","jetpack_publicize_feature_enabled":true,"jetpack_social_post_already_shared":false,"jetpack_social_options":{"image_generator_settings":{"template":"highway","default_image_id":0,"font":"","enabled":false},"version":2}},"categories":[13,5,20],"tags":[],"class_list":["post-248","post","type-post","status-publish","format-standard","hentry","category-resenas-sobre-mi-obra","category-eventos","category-prensa"],"jetpack_publicize_connections":[],"jetpack_featured_media_url":"","jetpack_sharing_enabled":true,"jetpack_shortlink":"https:\/\/wp.me\/p9NjCT-40","jetpack_likes_enabled":true,"jetpack-related-posts":[],"_links":{"self":[{"href":"http:\/\/oscarbribian.com\/index.php?rest_route=\/wp\/v2\/posts\/248","targetHints":{"allow":["GET"]}}],"collection":[{"href":"http:\/\/oscarbribian.com\/index.php?rest_route=\/wp\/v2\/posts"}],"about":[{"href":"http:\/\/oscarbribian.com\/index.php?rest_route=\/wp\/v2\/types\/post"}],"author":[{"embeddable":true,"href":"http:\/\/oscarbribian.com\/index.php?rest_route=\/wp\/v2\/users\/1"}],"replies":[{"embeddable":true,"href":"http:\/\/oscarbribian.com\/index.php?rest_route=%2Fwp%2Fv2%2Fcomments&post=248"}],"version-history":[{"count":0,"href":"http:\/\/oscarbribian.com\/index.php?rest_route=\/wp\/v2\/posts\/248\/revisions"}],"wp:attachment":[{"href":"http:\/\/oscarbribian.com\/index.php?rest_route=%2Fwp%2Fv2%2Fmedia&parent=248"}],"wp:term":[{"taxonomy":"category","embeddable":true,"href":"http:\/\/oscarbribian.com\/index.php?rest_route=%2Fwp%2Fv2%2Fcategories&post=248"},{"taxonomy":"post_tag","embeddable":true,"href":"http:\/\/oscarbribian.com\/index.php?rest_route=%2Fwp%2Fv2%2Ftags&post=248"}],"curies":[{"name":"wp","href":"https:\/\/api.w.org\/{rel}","templated":true}]}}