{"id":250,"date":"2010-01-20T18:27:00","date_gmt":"2010-01-20T18:27:00","guid":{"rendered":"http:\/\/oscarbribian.com\/?p=250"},"modified":"2010-01-20T18:27:00","modified_gmt":"2010-01-20T18:27:00","slug":"oscar-bribian-en-aragon-tv","status":"publish","type":"post","link":"http:\/\/oscarbribian.com\/?p=250","title":{"rendered":"\u00d3scar Bribi\u00e1n en Arag\u00f3n TV"},"content":{"rendered":"<div align=\"justify\">\n<a href=\"https:\/\/i0.wp.com\/3.bp.blogspot.com\/_TQOiFgpmezE\/S1dLU2ueToI\/AAAAAAAAAVU\/TSglh2HPaaM\/s1600-h\/buenos_dias_Arag_n.jpg\"><img data-recalc-dims=\"1\" decoding=\"async\" border=\"0\" alt=\"\" src=\"https:\/\/i0.wp.com\/3.bp.blogspot.com\/_TQOiFgpmezE\/S1dLU2ueToI\/AAAAAAAAAVU\/TSglh2HPaaM\/s320\/buenos_dias_Arag_n.jpg?w=640\"><\/a>Ma\u00f1ana jueves ser\u00e9 entrevistado en directo en el programa \u00abBuenos d\u00edas Arag\u00f3n\u00bb de Arag\u00f3n TV, sobre las 9:20 de la ma\u00f1ana, con ocasi\u00f3n de la publicaci\u00f3n del libro \u00abMentes perversas\u00bb.<\/div>\n<div align=\"justify\"><\/div>\n","protected":false},"excerpt":{"rendered":"<p>Ma\u00f1ana jueves ser\u00e9 entrevistado en directo en el programa \u00abBuenos d\u00edas Arag\u00f3n\u00bb de Arag\u00f3n TV, sobre las 9:20 de la ma\u00f1ana, con ocasi\u00f3n de la publicaci\u00f3n del libro \u00abMentes perversas\u00bb.<\/p>\n","protected":false},"author":1,"featured_media":0,"comment_status":"open","ping_status":"open","sticky":false,"template":"","format":"standard","meta":{"jetpack_post_was_ever_published":false,"_jetpack_newsletter_access":"","_jetpack_dont_email_post_to_subs":false,"_jetpack_newsletter_tier_id":0,"_jetpack_memberships_contains_paywalled_content":false,"_jetpack_memberships_contains_paid_content":false,"footnotes":"","jetpack_publicize_message":"","jetpack_publicize_feature_enabled":true,"jetpack_social_post_already_shared":false,"jetpack_social_options":{"image_generator_settings":{"template":"highway","default_image_id":0,"font":"","enabled":false},"version":2}},"categories":[13,5],"tags":[],"class_list":["post-250","post","type-post","status-publish","format-standard","hentry","category-resenas-sobre-mi-obra","category-eventos"],"jetpack_publicize_connections":[],"jetpack_featured_media_url":"","jetpack_sharing_enabled":true,"jetpack_shortlink":"https:\/\/wp.me\/p9NjCT-42","jetpack_likes_enabled":true,"jetpack-related-posts":[],"_links":{"self":[{"href":"http:\/\/oscarbribian.com\/index.php?rest_route=\/wp\/v2\/posts\/250","targetHints":{"allow":["GET"]}}],"collection":[{"href":"http:\/\/oscarbribian.com\/index.php?rest_route=\/wp\/v2\/posts"}],"about":[{"href":"http:\/\/oscarbribian.com\/index.php?rest_route=\/wp\/v2\/types\/post"}],"author":[{"embeddable":true,"href":"http:\/\/oscarbribian.com\/index.php?rest_route=\/wp\/v2\/users\/1"}],"replies":[{"embeddable":true,"href":"http:\/\/oscarbribian.com\/index.php?rest_route=%2Fwp%2Fv2%2Fcomments&post=250"}],"version-history":[{"count":0,"href":"http:\/\/oscarbribian.com\/index.php?rest_route=\/wp\/v2\/posts\/250\/revisions"}],"wp:attachment":[{"href":"http:\/\/oscarbribian.com\/index.php?rest_route=%2Fwp%2Fv2%2Fmedia&parent=250"}],"wp:term":[{"taxonomy":"category","embeddable":true,"href":"http:\/\/oscarbribian.com\/index.php?rest_route=%2Fwp%2Fv2%2Fcategories&post=250"},{"taxonomy":"post_tag","embeddable":true,"href":"http:\/\/oscarbribian.com\/index.php?rest_route=%2Fwp%2Fv2%2Ftags&post=250"}],"curies":[{"name":"wp","href":"https:\/\/api.w.org\/{rel}","templated":true}]}}