{"id":255,"date":"2010-01-13T07:52:00","date_gmt":"2010-01-13T07:52:00","guid":{"rendered":"http:\/\/oscarbribian.com\/?p=255"},"modified":"2010-01-13T07:52:00","modified_gmt":"2010-01-13T07:52:00","slug":"presentacion-libro-versos-sin-bandera","status":"publish","type":"post","link":"http:\/\/oscarbribian.com\/?p=255","title":{"rendered":"Presentaci\u00f3n libro &quot;Versos sin bandera&quot;"},"content":{"rendered":"<div>\n<div>El pr\u00f3ximo viernes 15 de enero a las 19:30 horas, se presentar\u00e1 la antolog\u00eda po\u00e9tica \u00abVersos sin bandera\u00bb (habl\u00e9 de ella en otro post) en la Biblioteca General de Doctor Cerrada de Zaragoza. En el acto estaremos presentes varios de los autores, leyendo algunos de los poemas.\n<\/div>\n<p>Si quer\u00e9is pasar un rato agradable y en buena compa\u00f1\u00eda, por all\u00ed estaremos.\n<\/div>\n<p><a href=\"https:\/\/i0.wp.com\/4.bp.blogspot.com\/_TQOiFgpmezE\/S0wqoxD-aaI\/AAAAAAAAAUE\/cbPVUFsxkH4\/s1600-h\/versossinbandera.jpg\"><span><\/span><img data-recalc-dims=\"1\" decoding=\"async\" src=\"https:\/\/i0.wp.com\/4.bp.blogspot.com\/_TQOiFgpmezE\/S0wqoxD-aaI\/AAAAAAAAAUE\/cbPVUFsxkH4\/s320\/versossinbandera.jpg?w=640\" alt=\"\" border=\"0\"><\/a><\/p>\n","protected":false},"excerpt":{"rendered":"<p>El pr\u00f3ximo viernes 15 de enero a las 19:30 horas, se presentar\u00e1 la antolog\u00eda po\u00e9tica \u00abVersos sin bandera\u00bb (habl\u00e9 de ella en otro post) en la Biblioteca General de Doctor Cerrada de Zaragoza. En el acto estaremos presentes varios de &hellip; <a href=\"http:\/\/oscarbribian.com\/?p=255\">Sigue leyendo <span class=\"meta-nav\">&rarr;<\/span><\/a><\/p>\n","protected":false},"author":1,"featured_media":0,"comment_status":"open","ping_status":"open","sticky":false,"template":"","format":"standard","meta":{"jetpack_post_was_ever_published":false,"_jetpack_newsletter_access":"","_jetpack_dont_email_post_to_subs":false,"_jetpack_newsletter_tier_id":0,"_jetpack_memberships_contains_paywalled_content":false,"_jetpack_memberships_contains_paid_content":false,"footnotes":"","jetpack_publicize_message":"","jetpack_publicize_feature_enabled":true,"jetpack_social_post_already_shared":false,"jetpack_social_options":{"image_generator_settings":{"template":"highway","default_image_id":0,"font":"","enabled":false},"version":2}},"categories":[5,16,6],"tags":[],"class_list":["post-255","post","type-post","status-publish","format-standard","hentry","category-eventos","category-poesia","category-publicaciones"],"jetpack_publicize_connections":[],"jetpack_featured_media_url":"","jetpack_sharing_enabled":true,"jetpack_shortlink":"https:\/\/wp.me\/p9NjCT-47","jetpack_likes_enabled":true,"jetpack-related-posts":[],"_links":{"self":[{"href":"http:\/\/oscarbribian.com\/index.php?rest_route=\/wp\/v2\/posts\/255","targetHints":{"allow":["GET"]}}],"collection":[{"href":"http:\/\/oscarbribian.com\/index.php?rest_route=\/wp\/v2\/posts"}],"about":[{"href":"http:\/\/oscarbribian.com\/index.php?rest_route=\/wp\/v2\/types\/post"}],"author":[{"embeddable":true,"href":"http:\/\/oscarbribian.com\/index.php?rest_route=\/wp\/v2\/users\/1"}],"replies":[{"embeddable":true,"href":"http:\/\/oscarbribian.com\/index.php?rest_route=%2Fwp%2Fv2%2Fcomments&post=255"}],"version-history":[{"count":0,"href":"http:\/\/oscarbribian.com\/index.php?rest_route=\/wp\/v2\/posts\/255\/revisions"}],"wp:attachment":[{"href":"http:\/\/oscarbribian.com\/index.php?rest_route=%2Fwp%2Fv2%2Fmedia&parent=255"}],"wp:term":[{"taxonomy":"category","embeddable":true,"href":"http:\/\/oscarbribian.com\/index.php?rest_route=%2Fwp%2Fv2%2Fcategories&post=255"},{"taxonomy":"post_tag","embeddable":true,"href":"http:\/\/oscarbribian.com\/index.php?rest_route=%2Fwp%2Fv2%2Ftags&post=255"}],"curies":[{"name":"wp","href":"https:\/\/api.w.org\/{rel}","templated":true}]}}