{"id":263,"date":"2009-12-19T17:10:00","date_gmt":"2009-12-19T17:10:00","guid":{"rendered":"http:\/\/oscarbribian.com\/?p=263"},"modified":"2009-12-19T17:10:00","modified_gmt":"2009-12-19T17:10:00","slug":"oscar-bribian-en-cadena-ser","status":"publish","type":"post","link":"http:\/\/oscarbribian.com\/?p=263","title":{"rendered":"\u00d3scar Bribi\u00e1n en Cadena Ser"},"content":{"rendered":"<p>En Megaupload est\u00e1n los dos archivos que corresponden al reportaje emitido en Cadena Ser Zaragoza (Radio Zaragoza). Ah\u00ed aparecen algunas de las declaraciones que hice ante la periodista escasos minutos antes de la presentaci\u00f3n de \u00abMentes perversas\u00bb:<\/p>\n<p>Primera parte:<br \/>http:\/\/www.megaupload.com\/?d=NG5H8Z0J<br \/>Segunda parte:<br \/>http:\/\/www.megaupload.com\/?d=CW1I4X6G<\/p>\n<p>(Descarga el archivo y luego ejec\u00fatalo, est\u00e1 en formato .mp3)<\/p>\n","protected":false},"excerpt":{"rendered":"<p>En Megaupload est\u00e1n los dos archivos que corresponden al reportaje emitido en Cadena Ser Zaragoza (Radio Zaragoza). Ah\u00ed aparecen algunas de las declaraciones que hice ante la periodista escasos minutos antes de la presentaci\u00f3n de \u00abMentes perversas\u00bb: Primera parte:http:\/\/www.megaupload.com\/?d=NG5H8Z0JSegunda parte:http:\/\/www.megaupload.com\/?d=CW1I4X6G &hellip; <a href=\"http:\/\/oscarbribian.com\/?p=263\">Sigue leyendo <span class=\"meta-nav\">&rarr;<\/span><\/a><\/p>\n","protected":false},"author":1,"featured_media":0,"comment_status":"open","ping_status":"open","sticky":false,"template":"","format":"standard","meta":{"jetpack_post_was_ever_published":false,"_jetpack_newsletter_access":"","_jetpack_dont_email_post_to_subs":false,"_jetpack_newsletter_tier_id":0,"_jetpack_memberships_contains_paywalled_content":false,"_jetpack_memberships_contains_paid_content":false,"footnotes":"","jetpack_publicize_message":"","jetpack_publicize_feature_enabled":true,"jetpack_social_post_already_shared":false,"jetpack_social_options":{"image_generator_settings":{"template":"highway","default_image_id":0,"font":"","enabled":false},"version":2}},"categories":[14,5],"tags":[],"class_list":["post-263","post","type-post","status-publish","format-standard","hentry","category-charlas-y-conferencias","category-eventos"],"jetpack_publicize_connections":[],"jetpack_featured_media_url":"","jetpack_sharing_enabled":true,"jetpack_shortlink":"https:\/\/wp.me\/p9NjCT-4f","jetpack_likes_enabled":true,"jetpack-related-posts":[],"_links":{"self":[{"href":"http:\/\/oscarbribian.com\/index.php?rest_route=\/wp\/v2\/posts\/263","targetHints":{"allow":["GET"]}}],"collection":[{"href":"http:\/\/oscarbribian.com\/index.php?rest_route=\/wp\/v2\/posts"}],"about":[{"href":"http:\/\/oscarbribian.com\/index.php?rest_route=\/wp\/v2\/types\/post"}],"author":[{"embeddable":true,"href":"http:\/\/oscarbribian.com\/index.php?rest_route=\/wp\/v2\/users\/1"}],"replies":[{"embeddable":true,"href":"http:\/\/oscarbribian.com\/index.php?rest_route=%2Fwp%2Fv2%2Fcomments&post=263"}],"version-history":[{"count":0,"href":"http:\/\/oscarbribian.com\/index.php?rest_route=\/wp\/v2\/posts\/263\/revisions"}],"wp:attachment":[{"href":"http:\/\/oscarbribian.com\/index.php?rest_route=%2Fwp%2Fv2%2Fmedia&parent=263"}],"wp:term":[{"taxonomy":"category","embeddable":true,"href":"http:\/\/oscarbribian.com\/index.php?rest_route=%2Fwp%2Fv2%2Fcategories&post=263"},{"taxonomy":"post_tag","embeddable":true,"href":"http:\/\/oscarbribian.com\/index.php?rest_route=%2Fwp%2Fv2%2Ftags&post=263"}],"curies":[{"name":"wp","href":"https:\/\/api.w.org\/{rel}","templated":true}]}}