{"id":270,"date":"2009-12-11T11:36:00","date_gmt":"2009-12-11T11:36:00","guid":{"rendered":"http:\/\/oscarbribian.com\/?p=270"},"modified":"2009-12-11T11:36:00","modified_gmt":"2009-12-11T11:36:00","slug":"presentacion-mentes-perversas-en-zaragoza","status":"publish","type":"post","link":"http:\/\/oscarbribian.com\/?p=270","title":{"rendered":"Presentaci\u00f3n &quot;Mentes perversas&quot; en Zaragoza"},"content":{"rendered":"<div align=\"justify\"><img data-recalc-dims=\"1\" decoding=\"async\" border=\"0\" alt=\"\" src=\"https:\/\/i0.wp.com\/1.bp.blogspot.com\/_TQOiFgpmezE\/SyIvCU53HBI\/AAAAAAAAASM\/QGi8SdOY4M8\/s400\/foto1%2Boscar%2Bbribian%2Bmentes%2Bperversas.jpg?w=640\"><\/div>\n<div align=\"center\"><em><span>(En la imagen, Joaqu\u00edn Casanova, \u00d3scar Bribi\u00e1n y David Jasso)<\/span><\/em><\/div>\n<div align=\"center\"><em><\/em><\/div>\n<div align=\"center\"><\/div>\n<div align=\"center\"><em><\/em><\/div>\n<div align=\"justify\">Ayer tuvo lugar la presentaci\u00f3n de mi primer hijo literario, \u00abMentes perversas\u00bb, en la sala cultural de la Librer\u00eda Central, de la mano del editor Joaqu\u00edn Casanova y el escritor David Jasso (presidente de Nocte). Uno teme encontrar muchas bajas en una presentaci\u00f3n entre semana, porque a fin de cuentas s\u00e9 que unos cuantos amigos no pudieron venir por motivos laborales (m\u00e1xime si trabajan fuera de la ciudad), pero me alegr\u00f3 mucho ver tanta cara conocida entre el p\u00fablico. Haciendo cuentas creo que firm\u00e9 cerca de 45-50 ejemplares (mi antebrazo da cuenta de ello, porque no quise ser parco en dedicatorias) y salud\u00e9 a amigos, familiares, compa\u00f1eros de fatigas literarias y laborales, y a algunos desconocidos que, espero, a partir de ahora no lo sean tanto. En definitiva, sal\u00ed motivado y contento del acto. Estas cosas le dan a uno nuevos br\u00edos. Agradezco enormemente desde aqu\u00ed la presencia a todos los que asistieron, y especialmente a David Jasso, por su estupendo y trabajado an\u00e1lisis del libro.<\/div>\n<div align=\"justify\"><\/div>\n<p><a href=\"https:\/\/i0.wp.com\/2.bp.blogspot.com\/_TQOiFgpmezE\/SyIzVXqUQuI\/AAAAAAAAASs\/auNxcKc1Cs4\/s1600-h\/foto2.jpg\"><img data-recalc-dims=\"1\" decoding=\"async\" border=\"0\" alt=\"\" src=\"https:\/\/i0.wp.com\/2.bp.blogspot.com\/_TQOiFgpmezE\/SyIzVXqUQuI\/AAAAAAAAASs\/auNxcKc1Cs4\/s320\/foto2.jpg?w=640\"><\/a><br \/><a href=\"https:\/\/i0.wp.com\/1.bp.blogspot.com\/_TQOiFgpmezE\/SyIvMVWz7vI\/AAAAAAAAASc\/4UVVPs3zTC4\/s1600-h\/foto3.jpg\"><img data-recalc-dims=\"1\" decoding=\"async\" border=\"0\" alt=\"\" src=\"https:\/\/i0.wp.com\/1.bp.blogspot.com\/_TQOiFgpmezE\/SyIvMVWz7vI\/AAAAAAAAASc\/4UVVPs3zTC4\/s320\/foto3.jpg?w=640\"><\/a><br \/><a href=\"http:\/\/4.bp.blogspot.com\/_TQOiFgpmezE\/SyIu4kV9IEI\/AAAAAAAAASE\/-EkAqc3il_4\/s1600-h\/foto1+oscar+bribian+mentes+perversas.jpg\"><\/a><\/p>\n","protected":false},"excerpt":{"rendered":"<p>(En la imagen, Joaqu\u00edn Casanova, \u00d3scar Bribi\u00e1n y David Jasso) Ayer tuvo lugar la presentaci\u00f3n de mi primer hijo literario, \u00abMentes perversas\u00bb, en la sala cultural de la Librer\u00eda Central, de la mano del editor Joaqu\u00edn Casanova y el escritor &hellip; <a href=\"http:\/\/oscarbribian.com\/?p=270\">Sigue leyendo <span class=\"meta-nav\">&rarr;<\/span><\/a><\/p>\n","protected":false},"author":1,"featured_media":0,"comment_status":"open","ping_status":"open","sticky":false,"template":"","format":"standard","meta":{"jetpack_post_was_ever_published":false,"_jetpack_newsletter_access":"","_jetpack_dont_email_post_to_subs":false,"_jetpack_newsletter_tier_id":0,"_jetpack_memberships_contains_paywalled_content":false,"_jetpack_memberships_contains_paid_content":false,"footnotes":"","jetpack_publicize_message":"","jetpack_publicize_feature_enabled":true,"jetpack_social_post_already_shared":false,"jetpack_social_options":{"image_generator_settings":{"template":"highway","default_image_id":0,"font":"","enabled":false},"version":2}},"categories":[5,6],"tags":[],"class_list":["post-270","post","type-post","status-publish","format-standard","hentry","category-eventos","category-publicaciones"],"jetpack_publicize_connections":[],"jetpack_featured_media_url":"","jetpack_sharing_enabled":true,"jetpack_shortlink":"https:\/\/wp.me\/p9NjCT-4m","jetpack_likes_enabled":true,"jetpack-related-posts":[],"_links":{"self":[{"href":"http:\/\/oscarbribian.com\/index.php?rest_route=\/wp\/v2\/posts\/270","targetHints":{"allow":["GET"]}}],"collection":[{"href":"http:\/\/oscarbribian.com\/index.php?rest_route=\/wp\/v2\/posts"}],"about":[{"href":"http:\/\/oscarbribian.com\/index.php?rest_route=\/wp\/v2\/types\/post"}],"author":[{"embeddable":true,"href":"http:\/\/oscarbribian.com\/index.php?rest_route=\/wp\/v2\/users\/1"}],"replies":[{"embeddable":true,"href":"http:\/\/oscarbribian.com\/index.php?rest_route=%2Fwp%2Fv2%2Fcomments&post=270"}],"version-history":[{"count":0,"href":"http:\/\/oscarbribian.com\/index.php?rest_route=\/wp\/v2\/posts\/270\/revisions"}],"wp:attachment":[{"href":"http:\/\/oscarbribian.com\/index.php?rest_route=%2Fwp%2Fv2%2Fmedia&parent=270"}],"wp:term":[{"taxonomy":"category","embeddable":true,"href":"http:\/\/oscarbribian.com\/index.php?rest_route=%2Fwp%2Fv2%2Fcategories&post=270"},{"taxonomy":"post_tag","embeddable":true,"href":"http:\/\/oscarbribian.com\/index.php?rest_route=%2Fwp%2Fv2%2Ftags&post=270"}],"curies":[{"name":"wp","href":"https:\/\/api.w.org\/{rel}","templated":true}]}}