{"id":289,"date":"2009-11-11T11:32:00","date_gmt":"2009-11-11T11:32:00","guid":{"rendered":"http:\/\/oscarbribian.com\/?p=289"},"modified":"2009-11-11T11:32:00","modified_gmt":"2009-11-11T11:32:00","slug":"mentes-perversas-presentacion-en-huesca","status":"publish","type":"post","link":"http:\/\/oscarbribian.com\/?p=289","title":{"rendered":"Mentes Perversas- Presentaci\u00f3n en Huesca"},"content":{"rendered":"<div align=\"justify\">El viernes 6 de noviembre se present\u00f3 en Huesca mi libro de relatos, de la mano del escritor David Jasso, dentro del marco de la XXVII Convenci\u00f3n de literatura fant\u00e1stica (Hispac\u00f3n). Hubo unos cuantos asistenes, la mayor\u00eda conocidos, a los que agradezco su presencia.<\/div>\n<div align=\"justify\"> <\/div>\n<div align=\"justify\"><img data-recalc-dims=\"1\" decoding=\"async\" alt=\"\" src=\"https:\/\/i0.wp.com\/2.bp.blogspot.com\/_TQOiFgpmezE\/SvqhikVbUxI\/AAAAAAAAAOk\/chMuuwofcNQ\/s320\/presentacion_jasso_oscar3.jpg?w=640\" border=\"0\"><\/div>\n<div align=\"center\">En la imagen, David Jasso exponiendo los relatos que componen mi libro. Ojal\u00e1 a los lectores les guste tanto el libro como a \u00e9l.<\/div>\n<div align=\"justify\"> <\/div>\n<div align=\"center\">\n<a href=\"https:\/\/i0.wp.com\/1.bp.blogspot.com\/_TQOiFgpmezE\/Svqhp-uhCuI\/AAAAAAAAAOs\/znEGSLc4EBw\/s1600-h\/presentacion_firma2.jpg\"><img data-recalc-dims=\"1\" decoding=\"async\" alt=\"\" src=\"https:\/\/i0.wp.com\/1.bp.blogspot.com\/_TQOiFgpmezE\/Svqhp-uhCuI\/AAAAAAAAAOs\/znEGSLc4EBw\/s320\/presentacion_firma2.jpg?w=640\" border=\"0\"><\/a> Realizando las primeras firmas de ejemplares.<\/p>\n<p>El 10 de diciembre a las 20:00 horas ser\u00e1 la puesta de largo, la presentaci\u00f3n en Zaragoza, con el editor Joaqu\u00edn Casanova y David Jasso. <\/p>\n<div> <\/div>\n<p>\n<\/div>\n","protected":false},"excerpt":{"rendered":"<p>El viernes 6 de noviembre se present\u00f3 en Huesca mi libro de relatos, de la mano del escritor David Jasso, dentro del marco de la XXVII Convenci\u00f3n de literatura fant\u00e1stica (Hispac\u00f3n). Hubo unos cuantos asistenes, la mayor\u00eda conocidos, a los &hellip; <a href=\"http:\/\/oscarbribian.com\/?p=289\">Sigue leyendo <span class=\"meta-nav\">&rarr;<\/span><\/a><\/p>\n","protected":false},"author":1,"featured_media":0,"comment_status":"open","ping_status":"open","sticky":false,"template":"","format":"standard","meta":{"jetpack_post_was_ever_published":false,"_jetpack_newsletter_access":"","_jetpack_dont_email_post_to_subs":false,"_jetpack_newsletter_tier_id":0,"_jetpack_memberships_contains_paywalled_content":false,"_jetpack_memberships_contains_paid_content":false,"footnotes":"","jetpack_publicize_message":"","jetpack_publicize_feature_enabled":true,"jetpack_social_post_already_shared":false,"jetpack_social_options":{"image_generator_settings":{"template":"highway","default_image_id":0,"font":"","enabled":false},"version":2}},"categories":[14,5],"tags":[],"class_list":["post-289","post","type-post","status-publish","format-standard","hentry","category-charlas-y-conferencias","category-eventos"],"jetpack_publicize_connections":[],"jetpack_featured_media_url":"","jetpack_sharing_enabled":true,"jetpack_shortlink":"https:\/\/wp.me\/p9NjCT-4F","jetpack_likes_enabled":true,"jetpack-related-posts":[],"_links":{"self":[{"href":"http:\/\/oscarbribian.com\/index.php?rest_route=\/wp\/v2\/posts\/289","targetHints":{"allow":["GET"]}}],"collection":[{"href":"http:\/\/oscarbribian.com\/index.php?rest_route=\/wp\/v2\/posts"}],"about":[{"href":"http:\/\/oscarbribian.com\/index.php?rest_route=\/wp\/v2\/types\/post"}],"author":[{"embeddable":true,"href":"http:\/\/oscarbribian.com\/index.php?rest_route=\/wp\/v2\/users\/1"}],"replies":[{"embeddable":true,"href":"http:\/\/oscarbribian.com\/index.php?rest_route=%2Fwp%2Fv2%2Fcomments&post=289"}],"version-history":[{"count":0,"href":"http:\/\/oscarbribian.com\/index.php?rest_route=\/wp\/v2\/posts\/289\/revisions"}],"wp:attachment":[{"href":"http:\/\/oscarbribian.com\/index.php?rest_route=%2Fwp%2Fv2%2Fmedia&parent=289"}],"wp:term":[{"taxonomy":"category","embeddable":true,"href":"http:\/\/oscarbribian.com\/index.php?rest_route=%2Fwp%2Fv2%2Fcategories&post=289"},{"taxonomy":"post_tag","embeddable":true,"href":"http:\/\/oscarbribian.com\/index.php?rest_route=%2Fwp%2Fv2%2Ftags&post=289"}],"curies":[{"name":"wp","href":"https:\/\/api.w.org\/{rel}","templated":true}]}}