{"id":290,"date":"2009-11-10T11:25:00","date_gmt":"2009-11-10T11:25:00","guid":{"rendered":"http:\/\/oscarbribian.com\/?p=290"},"modified":"2009-11-10T11:25:00","modified_gmt":"2009-11-10T11:25:00","slug":"ponencia-edgar-allan-poe-o-edogawa-rampo","status":"publish","type":"post","link":"http:\/\/oscarbribian.com\/?p=290","title":{"rendered":"Ponencia &quot;Edgar Allan Poe o Edogawa Rampo&quot;"},"content":{"rendered":"<div align=\"justify\">El s\u00e1bado 7 de noviembre realic\u00e9 mi ponencia bajo la r\u00fabrica \u00abEdgar Allan Poe o Edogawa Rampo\u00bb, en el sal\u00f3n de actos del Centro Cultural del Matadero en Huesca. Tuvo una duraci\u00f3n aproximada de 50 minutos, y en ella expuse las influencias de ambos autores, su repercusi\u00f3n en occidente y oriente, y sus semejanzas y diferencias.<\/div>\n<p><img data-recalc-dims=\"1\" decoding=\"async\" alt=\"\" src=\"https:\/\/i0.wp.com\/1.bp.blogspot.com\/_TQOiFgpmezE\/SvlNvafEKoI\/AAAAAAAAAOU\/u_JHa2YaFBI\/s320\/ponencia1.jpg?w=640\" border=\"0\"><a href=\"https:\/\/i0.wp.com\/4.bp.blogspot.com\/_TQOiFgpmezE\/SvlN1TardEI\/AAAAAAAAAOc\/8zZikB9VkUw\/s1600-h\/ponencia2.jpg\"><img data-recalc-dims=\"1\" decoding=\"async\" alt=\"\" src=\"https:\/\/i0.wp.com\/4.bp.blogspot.com\/_TQOiFgpmezE\/SvlN1TardEI\/AAAAAAAAAOc\/8zZikB9VkUw\/s320\/ponencia2.jpg?w=640\" border=\"0\"><\/a><\/p>\n<div><\/div>\n<p><\/p>\n<div>\n<div><\/div>\n<\/div>\n","protected":false},"excerpt":{"rendered":"<p>El s\u00e1bado 7 de noviembre realic\u00e9 mi ponencia bajo la r\u00fabrica \u00abEdgar Allan Poe o Edogawa Rampo\u00bb, en el sal\u00f3n de actos del Centro Cultural del Matadero en Huesca. Tuvo una duraci\u00f3n aproximada de 50 minutos, y en ella expuse &hellip; <a href=\"http:\/\/oscarbribian.com\/?p=290\">Sigue leyendo <span class=\"meta-nav\">&rarr;<\/span><\/a><\/p>\n","protected":false},"author":1,"featured_media":0,"comment_status":"open","ping_status":"open","sticky":false,"template":"","format":"standard","meta":{"jetpack_post_was_ever_published":false,"_jetpack_newsletter_access":"","_jetpack_dont_email_post_to_subs":false,"_jetpack_newsletter_tier_id":0,"_jetpack_memberships_contains_paywalled_content":false,"_jetpack_memberships_contains_paid_content":false,"footnotes":"","jetpack_publicize_message":"","jetpack_publicize_feature_enabled":true,"jetpack_social_post_already_shared":false,"jetpack_social_options":{"image_generator_settings":{"template":"highway","default_image_id":0,"font":"","enabled":false},"version":2}},"categories":[14,5],"tags":[],"class_list":["post-290","post","type-post","status-publish","format-standard","hentry","category-charlas-y-conferencias","category-eventos"],"jetpack_publicize_connections":[],"jetpack_featured_media_url":"","jetpack_sharing_enabled":true,"jetpack_shortlink":"https:\/\/wp.me\/p9NjCT-4G","jetpack_likes_enabled":true,"jetpack-related-posts":[],"_links":{"self":[{"href":"http:\/\/oscarbribian.com\/index.php?rest_route=\/wp\/v2\/posts\/290","targetHints":{"allow":["GET"]}}],"collection":[{"href":"http:\/\/oscarbribian.com\/index.php?rest_route=\/wp\/v2\/posts"}],"about":[{"href":"http:\/\/oscarbribian.com\/index.php?rest_route=\/wp\/v2\/types\/post"}],"author":[{"embeddable":true,"href":"http:\/\/oscarbribian.com\/index.php?rest_route=\/wp\/v2\/users\/1"}],"replies":[{"embeddable":true,"href":"http:\/\/oscarbribian.com\/index.php?rest_route=%2Fwp%2Fv2%2Fcomments&post=290"}],"version-history":[{"count":0,"href":"http:\/\/oscarbribian.com\/index.php?rest_route=\/wp\/v2\/posts\/290\/revisions"}],"wp:attachment":[{"href":"http:\/\/oscarbribian.com\/index.php?rest_route=%2Fwp%2Fv2%2Fmedia&parent=290"}],"wp:term":[{"taxonomy":"category","embeddable":true,"href":"http:\/\/oscarbribian.com\/index.php?rest_route=%2Fwp%2Fv2%2Fcategories&post=290"},{"taxonomy":"post_tag","embeddable":true,"href":"http:\/\/oscarbribian.com\/index.php?rest_route=%2Fwp%2Fv2%2Ftags&post=290"}],"curies":[{"name":"wp","href":"https:\/\/api.w.org\/{rel}","templated":true}]}}