{"id":292,"date":"2009-11-04T13:21:00","date_gmt":"2009-11-04T13:21:00","guid":{"rendered":"http:\/\/oscarbribian.com\/?p=292"},"modified":"2009-11-04T13:21:00","modified_gmt":"2009-11-04T13:21:00","slug":"xxvii-convecion-de-literatura-fantastica","status":"publish","type":"post","link":"http:\/\/oscarbribian.com\/?p=292","title":{"rendered":"XXVII Conveci\u00f3n de Literatura Fant\u00e1stica"},"content":{"rendered":"<div>Este fin de semana se celebrar\u00e1 la XXVII Convenci\u00f3n de Literatura Fant\u00e1stica en Huesca. Adjunto aqu\u00ed los horarios de las diversas charlas y ponencias que tendr\u00e1n lugar en el Centro Cultural oscense del \u00abMatadero\u00bb. Puedes guardar la imagen para verla ampliada.<\/p>\n<p>Por mi parte, el viernes 6, a las 19:00 horas presentar\u00e9 mi libro \u00abMentes Perversas\u00bb junto a David Jasso, en el aula din\u00e1mica. El s\u00e1bado 7, a las 11:00 horas, realizar\u00e9 mi ponencia \u00abEdgar Allan Poe o Edogawa Rampo\u00bb, en el sal\u00f3n de actos, hablando de ambos escritores, de sus semejanzas y diferencias. En cualquier caso, cualquiera de las conferencias ofertadas prometen ser interesantes.\n<\/div>\n<p><a href=\"https:\/\/i0.wp.com\/4.bp.blogspot.com\/_TQOiFgpmezE\/SvGA7mBGKKI\/AAAAAAAAANk\/LD1SEsNPX6U\/s1600-h\/Hispacon_2.jpg\"><img data-recalc-dims=\"1\" decoding=\"async\" src=\"https:\/\/i0.wp.com\/4.bp.blogspot.com\/_TQOiFgpmezE\/SvGA7mBGKKI\/AAAAAAAAANk\/LD1SEsNPX6U\/s400\/Hispacon_2.jpg?w=640\" alt=\"\" border=\"0\"><\/a><\/p>\n","protected":false},"excerpt":{"rendered":"<p>Este fin de semana se celebrar\u00e1 la XXVII Convenci\u00f3n de Literatura Fant\u00e1stica en Huesca. Adjunto aqu\u00ed los horarios de las diversas charlas y ponencias que tendr\u00e1n lugar en el Centro Cultural oscense del \u00abMatadero\u00bb. Puedes guardar la imagen para verla &hellip; <a href=\"http:\/\/oscarbribian.com\/?p=292\">Sigue leyendo <span class=\"meta-nav\">&rarr;<\/span><\/a><\/p>\n","protected":false},"author":1,"featured_media":0,"comment_status":"open","ping_status":"open","sticky":false,"template":"","format":"standard","meta":{"jetpack_post_was_ever_published":false,"_jetpack_newsletter_access":"","_jetpack_dont_email_post_to_subs":false,"_jetpack_newsletter_tier_id":0,"_jetpack_memberships_contains_paywalled_content":false,"_jetpack_memberships_contains_paid_content":false,"footnotes":"","jetpack_publicize_message":"","jetpack_publicize_feature_enabled":true,"jetpack_social_post_already_shared":false,"jetpack_social_options":{"image_generator_settings":{"template":"highway","default_image_id":0,"font":"","enabled":false},"version":2}},"categories":[14],"tags":[],"class_list":["post-292","post","type-post","status-publish","format-standard","hentry","category-charlas-y-conferencias"],"jetpack_publicize_connections":[],"jetpack_featured_media_url":"","jetpack_sharing_enabled":true,"jetpack_shortlink":"https:\/\/wp.me\/p9NjCT-4I","jetpack_likes_enabled":true,"jetpack-related-posts":[],"_links":{"self":[{"href":"http:\/\/oscarbribian.com\/index.php?rest_route=\/wp\/v2\/posts\/292","targetHints":{"allow":["GET"]}}],"collection":[{"href":"http:\/\/oscarbribian.com\/index.php?rest_route=\/wp\/v2\/posts"}],"about":[{"href":"http:\/\/oscarbribian.com\/index.php?rest_route=\/wp\/v2\/types\/post"}],"author":[{"embeddable":true,"href":"http:\/\/oscarbribian.com\/index.php?rest_route=\/wp\/v2\/users\/1"}],"replies":[{"embeddable":true,"href":"http:\/\/oscarbribian.com\/index.php?rest_route=%2Fwp%2Fv2%2Fcomments&post=292"}],"version-history":[{"count":0,"href":"http:\/\/oscarbribian.com\/index.php?rest_route=\/wp\/v2\/posts\/292\/revisions"}],"wp:attachment":[{"href":"http:\/\/oscarbribian.com\/index.php?rest_route=%2Fwp%2Fv2%2Fmedia&parent=292"}],"wp:term":[{"taxonomy":"category","embeddable":true,"href":"http:\/\/oscarbribian.com\/index.php?rest_route=%2Fwp%2Fv2%2Fcategories&post=292"},{"taxonomy":"post_tag","embeddable":true,"href":"http:\/\/oscarbribian.com\/index.php?rest_route=%2Fwp%2Fv2%2Ftags&post=292"}],"curies":[{"name":"wp","href":"https:\/\/api.w.org\/{rel}","templated":true}]}}