{"id":293,"date":"2009-10-26T08:42:00","date_gmt":"2009-10-26T08:42:00","guid":{"rendered":"http:\/\/oscarbribian.com\/?p=293"},"modified":"2009-10-26T08:42:00","modified_gmt":"2009-10-26T08:42:00","slug":"la-carretera-de-cormac-mccarthy","status":"publish","type":"post","link":"http:\/\/oscarbribian.com\/?p=293","title":{"rendered":"&quot;La carretera&quot;, de Cormac McCarthy"},"content":{"rendered":"<p><img data-recalc-dims=\"1\" decoding=\"async\" alt=\"\" src=\"https:\/\/i0.wp.com\/4.bp.blogspot.com\/_TQOiFgpmezE\/SuVkykjaFHI\/AAAAAAAAANE\/m-PIF1CaAkc\/s320\/estrellas-4-5.gif?w=640\" border=\"0\"><\/p>\n<div align=\"justify\">\n<a href=\"https:\/\/i0.wp.com\/3.bp.blogspot.com\/_TQOiFgpmezE\/SuVk3zS877I\/AAAAAAAAANM\/Q_D78tMS1L8\/s1600-h\/cormac-mccarthy-la-carretera.jpg\"><img data-recalc-dims=\"1\" decoding=\"async\" alt=\"\" src=\"https:\/\/i0.wp.com\/3.bp.blogspot.com\/_TQOiFgpmezE\/SuVk3zS877I\/AAAAAAAAANM\/Q_D78tMS1L8\/s200\/cormac-mccarthy-la-carretera.jpg?w=640\" border=\"0\"><\/a><br \/>Reconozco que abord\u00e9 esta obra con cierto escepticismo. Hab\u00eda encontrado opiniones tan dispares y enfrentadas acerca del libro, galardonado con el Pulitzer 2007, que no sab\u00eda muy bien si afrontar su lectura.<\/div>\n<div align=\"justify\">Le\u00ed y escuch\u00e9 argumentos como que la osad\u00eda del autor por eliminar las comas, sobreemplear los puntos y aparte, etc. no solo no facilitaba su lectura sino que constitu\u00eda una especie de ofensa a las reglas ortogramaticales. Le\u00ed que la historia era simple, aburrida, parca.<\/div>\n<div align=\"justify\">No obstante, un par de opiniones favorables de dos amigos me imbuyeron nuevas razones para adentrarme en ella.<\/div>\n<div align=\"justify\"><\/div>\n<div align=\"justify\">Y lo hice.<\/div>\n<div align=\"justify\">No dir\u00e9 que es una gran obra maestra (eso lo decidir\u00e1 el tiempo, ese verdugo casi insoslayable) pero a m\u00ed me ha parecido una obra magn\u00edfica. Para empezar, el atrevimiento de McCarthy apostando por un nuevo estilo narrativo, con p\u00e1rrafos di\u00e1fanos, breves, sencillos, me ha parecido muy logrado. Igual que la historia: breve (\u00bfpara qu\u00e9 contar algo en 500 p\u00e1ginas, si se puede sintetizar mucho mejor?) y sencilla (en apariencia).<\/div>\n<div align=\"justify\">\u00abLa carretera\u00bb transcurre en un panorama apocal\u00edptico poco original, s\u00ed, pero es lo que el autor quiere transmitir al lector lo que de verdad revaloriza la historia, no su contexto. La relaci\u00f3n de los dos \u00fanicos personajes co-protagonistas me parece soberbia. Las conversaciones son escuetas pero muy eficientes, con una profundidad que abruma. <\/div>\n<div align=\"justify\">Un ejemplo:<\/div>\n<div align=\"justify\"><em>Y no nos va a pasar nada malo.<\/em><\/div>\n<div align=\"justify\"><em>Desde luego que no.<\/em><\/div>\n<div align=\"justify\"><em>Porque nosotros llevamos el fuego.<\/em><\/div>\n<div align=\"justify\"><em>As\u00ed es. Porque llevamos el fuego.<\/em><\/div>\n<div align=\"justify\">Estas sencilllas palabras pueden no decir nada por s\u00ed solas. En el libro, sugieren tant\u00edsimo al lector que las acomete, que lo abruman, lo sobrecogen.<\/div>\n<div align=\"justify\"><\/div>\n<div align=\"justify\">Las descripciones de los lugares y las acciones que los personajes realizan en ellos me parece inmejorable. Con qu\u00e9 maestr\u00eda el autor narra una sencilla historia sugiriendo tantas cosas al mismo tiempo. Es una novela que me ha sobrecogido en varios momentos. Pero reconozco que con muchos lectores puede no empatizar, sobre todo si est\u00e1n familiarizados con narraciones sobrecargadas o fatuas ( o tambi\u00e9n thrillers sin sentido) que sumergen al lector en una historia de la que no se sonsaca nada existencial. En cambio, quien encuentre la llave que ofrece \u00abLa carretera\u00bb ver\u00e1 el mundo actual desde otra perspectiva, y el venidero.<\/div>\n<div align=\"justify\"><\/div>\n<div align=\"justify\">A m\u00ed, por lo menos, me ha encantado.<\/div>\n","protected":false},"excerpt":{"rendered":"<p>Reconozco que abord\u00e9 esta obra con cierto escepticismo. Hab\u00eda encontrado opiniones tan dispares y enfrentadas acerca del libro, galardonado con el Pulitzer 2007, que no sab\u00eda muy bien si afrontar su lectura. Le\u00ed y escuch\u00e9 argumentos como que la osad\u00eda &hellip; <a href=\"http:\/\/oscarbribian.com\/?p=293\">Sigue leyendo <span class=\"meta-nav\">&rarr;<\/span><\/a><\/p>\n","protected":false},"author":1,"featured_media":0,"comment_status":"open","ping_status":"open","sticky":false,"template":"","format":"standard","meta":{"jetpack_post_was_ever_published":false,"_jetpack_newsletter_access":"","_jetpack_dont_email_post_to_subs":false,"_jetpack_newsletter_tier_id":0,"_jetpack_memberships_contains_paywalled_content":false,"_jetpack_memberships_contains_paid_content":false,"footnotes":"","jetpack_publicize_message":"","jetpack_publicize_feature_enabled":true,"jetpack_social_post_already_shared":false,"jetpack_social_options":{"image_generator_settings":{"template":"highway","default_image_id":0,"font":"","enabled":false},"version":2}},"categories":[4],"tags":[],"class_list":["post-293","post","type-post","status-publish","format-standard","hentry","category-opiniones-sobre-libros"],"jetpack_publicize_connections":[],"jetpack_featured_media_url":"","jetpack_sharing_enabled":true,"jetpack_shortlink":"https:\/\/wp.me\/p9NjCT-4J","jetpack_likes_enabled":true,"jetpack-related-posts":[],"_links":{"self":[{"href":"http:\/\/oscarbribian.com\/index.php?rest_route=\/wp\/v2\/posts\/293","targetHints":{"allow":["GET"]}}],"collection":[{"href":"http:\/\/oscarbribian.com\/index.php?rest_route=\/wp\/v2\/posts"}],"about":[{"href":"http:\/\/oscarbribian.com\/index.php?rest_route=\/wp\/v2\/types\/post"}],"author":[{"embeddable":true,"href":"http:\/\/oscarbribian.com\/index.php?rest_route=\/wp\/v2\/users\/1"}],"replies":[{"embeddable":true,"href":"http:\/\/oscarbribian.com\/index.php?rest_route=%2Fwp%2Fv2%2Fcomments&post=293"}],"version-history":[{"count":0,"href":"http:\/\/oscarbribian.com\/index.php?rest_route=\/wp\/v2\/posts\/293\/revisions"}],"wp:attachment":[{"href":"http:\/\/oscarbribian.com\/index.php?rest_route=%2Fwp%2Fv2%2Fmedia&parent=293"}],"wp:term":[{"taxonomy":"category","embeddable":true,"href":"http:\/\/oscarbribian.com\/index.php?rest_route=%2Fwp%2Fv2%2Fcategories&post=293"},{"taxonomy":"post_tag","embeddable":true,"href":"http:\/\/oscarbribian.com\/index.php?rest_route=%2Fwp%2Fv2%2Ftags&post=293"}],"curies":[{"name":"wp","href":"https:\/\/api.w.org\/{rel}","templated":true}]}}