{"id":299,"date":"2009-10-14T09:56:00","date_gmt":"2009-10-14T09:56:00","guid":{"rendered":"http:\/\/oscarbribian.com\/?p=299"},"modified":"2009-10-14T09:56:00","modified_gmt":"2009-10-14T09:56:00","slug":"sable-especial-nocte-resurreccion","status":"publish","type":"post","link":"http:\/\/oscarbribian.com\/?p=299","title":{"rendered":"SABLE especial NOCTE: \u00a1Resurrecci\u00f3n!"},"content":{"rendered":"<div align=\"justify\">\n<a href=\"https:\/\/i0.wp.com\/3.bp.blogspot.com\/_TQOiFgpmezE\/StWhidXK12I\/AAAAAAAAAMc\/0NHp6L30Z5c\/s1600-h\/sable_7_portadared.jpg\"><img data-recalc-dims=\"1\" decoding=\"async\" alt=\"\" src=\"https:\/\/i0.wp.com\/3.bp.blogspot.com\/_TQOiFgpmezE\/StWhidXK12I\/AAAAAAAAAMc\/0NHp6L30Z5c\/s320\/sable_7_portadared.jpg?w=640\" border=\"0\"><\/a> Ya est\u00e1 disponible el n\u00famero especial de la revista Sable: \u00a1Resurecci\u00f3n!\n<\/div>\n<div align=\"justify\"><\/div>\n<div align=\"justify\"><\/div>\n<div align=\"justify\"><\/div>\n<div align=\"justify\"><\/div>\n<div align=\"justify\">La portada es obra del artista Jonas Biorn, y las 13 magn\u00edficas ilustraciones interiores han sido realizadas ex profeso por el grandioso Pedro Belushi, seg\u00fan anuncia Ferm\u00edn Moreno, editor de SABLE. <\/div>\n<div align=\"justify\"><\/div>\n<div align=\"justify\">En su interior podremos encontrar 13 intrigantes relatos de gran factura.<\/div>\n<div align=\"justify\"><\/div>\n<div align=\"justify\">He de a\u00f1adir que los contenidos de esta revista siempre son de lo mejor que podemos encontrar en literatura de g\u00e9nero (tanto en este n\u00famero especial como en todos los anteriormente editados).<\/div>\n","protected":false},"excerpt":{"rendered":"<p>Ya est\u00e1 disponible el n\u00famero especial de la revista Sable: \u00a1Resurecci\u00f3n! La portada es obra del artista Jonas Biorn, y las 13 magn\u00edficas ilustraciones interiores han sido realizadas ex profeso por el grandioso Pedro Belushi, seg\u00fan anuncia Ferm\u00edn Moreno, editor &hellip; <a href=\"http:\/\/oscarbribian.com\/?p=299\">Sigue leyendo <span class=\"meta-nav\">&rarr;<\/span><\/a><\/p>\n","protected":false},"author":1,"featured_media":0,"comment_status":"open","ping_status":"open","sticky":false,"template":"","format":"standard","meta":{"jetpack_post_was_ever_published":false,"_jetpack_newsletter_access":"","_jetpack_dont_email_post_to_subs":false,"_jetpack_newsletter_tier_id":0,"_jetpack_memberships_contains_paywalled_content":false,"_jetpack_memberships_contains_paid_content":false,"footnotes":"","jetpack_publicize_message":"","jetpack_publicize_feature_enabled":true,"jetpack_social_post_already_shared":false,"jetpack_social_options":{"image_generator_settings":{"template":"highway","default_image_id":0,"font":"","enabled":false},"version":2}},"categories":[5,26],"tags":[],"class_list":["post-299","post","type-post","status-publish","format-standard","hentry","category-eventos","category-revistas-literarias"],"jetpack_publicize_connections":[],"jetpack_featured_media_url":"","jetpack_sharing_enabled":true,"jetpack_shortlink":"https:\/\/wp.me\/p9NjCT-4P","jetpack_likes_enabled":true,"jetpack-related-posts":[],"_links":{"self":[{"href":"http:\/\/oscarbribian.com\/index.php?rest_route=\/wp\/v2\/posts\/299","targetHints":{"allow":["GET"]}}],"collection":[{"href":"http:\/\/oscarbribian.com\/index.php?rest_route=\/wp\/v2\/posts"}],"about":[{"href":"http:\/\/oscarbribian.com\/index.php?rest_route=\/wp\/v2\/types\/post"}],"author":[{"embeddable":true,"href":"http:\/\/oscarbribian.com\/index.php?rest_route=\/wp\/v2\/users\/1"}],"replies":[{"embeddable":true,"href":"http:\/\/oscarbribian.com\/index.php?rest_route=%2Fwp%2Fv2%2Fcomments&post=299"}],"version-history":[{"count":0,"href":"http:\/\/oscarbribian.com\/index.php?rest_route=\/wp\/v2\/posts\/299\/revisions"}],"wp:attachment":[{"href":"http:\/\/oscarbribian.com\/index.php?rest_route=%2Fwp%2Fv2%2Fmedia&parent=299"}],"wp:term":[{"taxonomy":"category","embeddable":true,"href":"http:\/\/oscarbribian.com\/index.php?rest_route=%2Fwp%2Fv2%2Fcategories&post=299"},{"taxonomy":"post_tag","embeddable":true,"href":"http:\/\/oscarbribian.com\/index.php?rest_route=%2Fwp%2Fv2%2Ftags&post=299"}],"curies":[{"name":"wp","href":"https:\/\/api.w.org\/{rel}","templated":true}]}}