{"id":306,"date":"2009-09-20T11:20:00","date_gmt":"2009-09-20T11:20:00","guid":{"rendered":"http:\/\/oscarbribian.com\/?p=306"},"modified":"2009-09-20T11:20:00","modified_gmt":"2009-09-20T11:20:00","slug":"la-perla-y-otros-cuentos-de-yukio-mishima","status":"publish","type":"post","link":"http:\/\/oscarbribian.com\/?p=306","title":{"rendered":"La perla y otros cuentos, de Yukio Mishima"},"content":{"rendered":"<div align=\"justify\">\n<img data-recalc-dims=\"1\" decoding=\"async\" border=\"0\" alt=\"\" src=\"https:\/\/i0.wp.com\/4.bp.blogspot.com\/_TQOiFgpmezE\/SrYSNfCOeBI\/AAAAAAAAAK0\/IUPrvynE4Og\/s320\/estrellas-3-0.gif?w=640\"><a href=\"https:\/\/i0.wp.com\/2.bp.blogspot.com\/_TQOiFgpmezE\/SrYSYEUBc5I\/AAAAAAAAAK8\/-yGzZX0xyaQ\/s1600-h\/1mishima_publi.jpg\"><img data-recalc-dims=\"1\" decoding=\"async\" border=\"0\" alt=\"\" src=\"https:\/\/i0.wp.com\/2.bp.blogspot.com\/_TQOiFgpmezE\/SrYSYEUBc5I\/AAAAAAAAAK8\/-yGzZX0xyaQ\/s200\/1mishima_publi.jpg?w=640\"><\/a> Siguiendo con el listado de libros de autores orientales que he le\u00eddo este verano, voy a comentar esta obra de Yukio Mishima (1925-1970). Este controvertido y genial escritor de vanguardia, cr\u00edtico de la sociedad japonesa (fue propuesto para recibir el premio nobel de literatura, aunque no lo obtuvo finalmente), es considerado para muchos \u00e9l mas grande escritor japon\u00e9s del siglo XX.<\/div>\n<div align=\"justify\">Un hombre que gustaba de exhibir su gran forma f\u00edsica y su manejo de la katana, que interpret\u00f3 papeles de sus propias obras llevadas al cine, que sinti\u00f3 frustraci\u00f3n al no poder ser kamikaze durante la guerra mundial debido a una tuberculosis diagnosticada y que, en 1970, se suicid\u00f3 p\u00fablicamente mediante el hara-kiri o seppuku tras el fracaso de un intento de golpe de Estado.<\/div>\n<div align=\"justify\">Sin duda fue un superdotado, escribiendo 40 novelas, 18 obras de teatro y varias decenas de libros de relatos y ensayo.<\/div>\n<div align=\"justify\">Centr\u00e1ndome en el libro editado por Siruela \u00abLa perla y otros cuentos\u00bb, dir\u00e9 que me ha parecido un buen libro, con relatos algo ins\u00edpidos en mi opini\u00f3n, pero siempre reflexivos y con una prosa excelente. Tiene, sin embargo, tres textos, imprescindibles. \u00abLa perla\u00bb es un relato muy bien hilvanado, \u00e1cido, sat\u00edrico y original. Una delicia. \u00abEl termo\u00bb es un relato muy reflexivo que puede calar hondo, y \u00abPatriotismo\u00bb, un incre\u00edble y descarnado ejercicio descriptivo donde el protagonista y su mujer llevan a cabo el ritual del hara-kiri. Con estos tres relatos se advierte la enorme capacidad del autor en describir fielmente los sentimientos y valores de sus protagonistas. Es por esto por lo que procurar\u00e9 leer alg\u00fan libro m\u00e1s de su autor\u00eda.<\/div>\n","protected":false},"excerpt":{"rendered":"<p>Siguiendo con el listado de libros de autores orientales que he le\u00eddo este verano, voy a comentar esta obra de Yukio Mishima (1925-1970). Este controvertido y genial escritor de vanguardia, cr\u00edtico de la sociedad japonesa (fue propuesto para recibir el &hellip; <a href=\"http:\/\/oscarbribian.com\/?p=306\">Sigue leyendo <span class=\"meta-nav\">&rarr;<\/span><\/a><\/p>\n","protected":false},"author":1,"featured_media":0,"comment_status":"open","ping_status":"open","sticky":false,"template":"","format":"standard","meta":{"jetpack_post_was_ever_published":false,"_jetpack_newsletter_access":"","_jetpack_dont_email_post_to_subs":false,"_jetpack_newsletter_tier_id":0,"_jetpack_memberships_contains_paywalled_content":false,"_jetpack_memberships_contains_paid_content":false,"footnotes":"","jetpack_publicize_message":"","jetpack_publicize_feature_enabled":true,"jetpack_social_post_already_shared":false,"jetpack_social_options":{"image_generator_settings":{"template":"highway","default_image_id":0,"font":"","enabled":false},"version":2}},"categories":[4],"tags":[],"class_list":["post-306","post","type-post","status-publish","format-standard","hentry","category-opiniones-sobre-libros"],"jetpack_publicize_connections":[],"jetpack_featured_media_url":"","jetpack_sharing_enabled":true,"jetpack_shortlink":"https:\/\/wp.me\/p9NjCT-4W","jetpack_likes_enabled":true,"jetpack-related-posts":[],"_links":{"self":[{"href":"http:\/\/oscarbribian.com\/index.php?rest_route=\/wp\/v2\/posts\/306","targetHints":{"allow":["GET"]}}],"collection":[{"href":"http:\/\/oscarbribian.com\/index.php?rest_route=\/wp\/v2\/posts"}],"about":[{"href":"http:\/\/oscarbribian.com\/index.php?rest_route=\/wp\/v2\/types\/post"}],"author":[{"embeddable":true,"href":"http:\/\/oscarbribian.com\/index.php?rest_route=\/wp\/v2\/users\/1"}],"replies":[{"embeddable":true,"href":"http:\/\/oscarbribian.com\/index.php?rest_route=%2Fwp%2Fv2%2Fcomments&post=306"}],"version-history":[{"count":0,"href":"http:\/\/oscarbribian.com\/index.php?rest_route=\/wp\/v2\/posts\/306\/revisions"}],"wp:attachment":[{"href":"http:\/\/oscarbribian.com\/index.php?rest_route=%2Fwp%2Fv2%2Fmedia&parent=306"}],"wp:term":[{"taxonomy":"category","embeddable":true,"href":"http:\/\/oscarbribian.com\/index.php?rest_route=%2Fwp%2Fv2%2Fcategories&post=306"},{"taxonomy":"post_tag","embeddable":true,"href":"http:\/\/oscarbribian.com\/index.php?rest_route=%2Fwp%2Fv2%2Ftags&post=306"}],"curies":[{"name":"wp","href":"https:\/\/api.w.org\/{rel}","templated":true}]}}