{"id":318,"date":"2009-07-17T07:13:00","date_gmt":"2009-07-17T07:13:00","guid":{"rendered":"http:\/\/oscarbribian.com\/?p=318"},"modified":"2009-07-17T07:13:00","modified_gmt":"2009-07-17T07:13:00","slug":"entrevistado-por-ociojoven","status":"publish","type":"post","link":"http:\/\/oscarbribian.com\/?p=318","title":{"rendered":"Entrevistado por Ociojoven"},"content":{"rendered":"<p>Reproduzco la entrevista que en noviembre de 2008 Juan \u00c1ngel Laguna Edroso me hizo como representante de Ociojoven (el conocido portal del Grupo Planeta que cerr\u00f3 sus puertas recientemente):<\/p>\n<p>&#8212;&#8212;&#8212;&#8212;&#8212;&#8212;&#8212;<\/p>\n<div align=\"justify\">Hoy tenemos con nosotros a este escritor aragon\u00e9s, ganador del III Premio Liter y miembro de Nocte, la Asociaci\u00f3n Espa\u00f1ola de Escritores de Terror<br \/>\u00d3scar Bribi\u00e1n naci\u00f3 en Huesca en 1979, aunque reside en Zaragoza. Es diplomado en Administraci\u00f3n de Empresas y diplomado en Relaciones Laborales. Ha obtenido premios y menciones literarias en diversos cert\u00e1menes, ha aparecido en varias antolog\u00edas y posee una larga trayectoria como colaborador (tanto con relatos, poes\u00edas y art\u00edculos) en revistas culturales y literarias, entre las que destacan Luces y sombras, Nitecuento, T\u00e1ntalo, Amalgama, El Hocino, Habitando el olvido, Poes\u00eda Picarral, etc. y revistas digitales como Rampa, Letras Perdidas, Letralia, La Tecla, Poes\u00eda+Letras, El Arco de la Rosa, Revista Voces, El Ebro, Almiar-Margencero, Proyecto Mizares, Cr\u00f3nica Literaria, EOM-Eld\u00edgoras, Valvanera, Antropo\u00e9tica, Elfos, Espacio Luke, Biblioteca Virtual Cervantes, Oxigen, NGC 3660, Shiboleth, Nuevo Mundo, T\u00edtulo, Scifiworld, etc.Amablemente, se ha prestado a respondernos esta entrevista con motivo de su galard\u00f3n en el Premio Liter.<\/div>\n<div align=\"justify\"><\/div>\n<div align=\"justify\"><\/div>\n<div align=\"justify\"><strong><em>Reci\u00e9n reinstaurado el Premio Liter de literatura de terror, has conseguido cosecharlo con tu relato \u00abEl c\u00f3nclave\u00bb. \u00bfQu\u00e9 impresi\u00f3n te caus\u00f3 recibir el premio?<\/em> <\/strong><\/div>\n<div align=\"justify\">La verdad, cuando anunciaron a los finalistas, pens\u00e9 \u00abmierda, otra vez me voy a quedar finalista, otra vez finalista\u00bb. No es que no me guste ganar un acc\u00e9sit, nada de eso, pero es que nunca hab\u00eda ganado un primer premio, as\u00ed que supuso una alegr\u00eda. Despu\u00e9s, la sensaci\u00f3n del trabajo bien hecho.Deseaba ganar el Liter por tres razones. La primera es que llevo apenas un a\u00f1o movi\u00e9ndome dentro del g\u00e9nero de terror (aunque ha sido un a\u00f1o productivo, con una novela y un libro de relatos finalizados), y pens\u00e9 que uno de los mejores modos de demostrar mi val\u00eda en \u00e9l, ser\u00eda present\u00e1ndome al certamen. Por otro lado, el premio se convoca en Huesca, ciudad donde nac\u00ed, as\u00ed que tambi\u00e9n me hac\u00eda ilusi\u00f3n por este motivo. Finalmente, o\u00ed que dicho premio daba suerte. Bueno, doy fe de ello, aunque no desvelo en qu\u00e9 medida.<\/div>\n<div align=\"justify\"><\/div>\n<div align=\"justify\"><\/div>\n<div align=\"justify\"><em><strong>S\u00e9 que escribiste el relato para la ocasi\u00f3n. \u00bfC\u00f3mo lo enfocaste? \u00bfDe d\u00f3nde surgi\u00f3 la idea?<\/strong> <\/em><\/div>\n<div align=\"justify\"><\/div>\n<div align=\"justify\">Efectivamente, lo escrib\u00ed apenas dos semanas antes del fin de fecha de entrega. La idea lleg\u00f3 como lo suelen hacer las buenas ideas, de la forma m\u00e1s inesperada. Mis amigos y yo pasamos recientemente un fin de semana en un pueblecito del Pirineo aragon\u00e9s, donde abundaban los gatos. Mientras prepar\u00e1bamos una parrillada, uno de los gatos nos hurt\u00f3 un filete de lomo. Supongo que para mucha gente eso no deja de ser una mera an\u00e9cdota, pero es un regalo para el que tiene siempre la mente dispuesta para captar filones narrativos. S\u00ed, el relato va de gatos. Esos taimados animalitos\u2026<\/div>\n<div align=\"justify\"><\/div>\n<div align=\"justify\"><\/div>\n<div align=\"justify\"><strong><em>No es el primer premio que has obtenido. \u00bfHay alguno que te haya supuesto una alegr\u00eda especial? \u00bfAlguna an\u00e9cdota en este sentido? <\/em><\/strong><\/div>\n<div align=\"justify\"><\/div>\n<div align=\"justify\">Es al premio internacional Villa de Iniesta, en el que obtuve el segundo puesto en el a\u00f1o 2007, al que m\u00e1s cari\u00f1o le tengo. El alcalde de la localidad que foment\u00f3 el premio desde los comienzos es escritor, de modo que profesa un gran cari\u00f1o hacia la cultura y los escritores. Eso se palpa en el trato recibido. Adem\u00e1s, all\u00ed conoc\u00ed a varios escritores y poetas con los que guardo amistad. Particip\u00e9 como jurado este a\u00f1o, as\u00ed que tengo un doble buen recuerdo.Como an\u00e9cdota, dir\u00e9 que en la convocatoria participamos algo m\u00e1s de seiscientos autores, y cuando yo iba de camino con mi novia hacia Iniesta para recibir el premio, le coment\u00e9 que hab\u00eda escuchado que el premio de narrativa breve Juan Rulfo era (en opini\u00f3n de algunos) el mejor de los galardones en literatura breve de lengua castellana. Curiosamente, al llegar a Iniesta, uno de los miembros del jurado me coment\u00f3 que Laura Massolo hab\u00eda obtenido el primer premio. Despu\u00e9s supe que ella hab\u00eda ganado recientemente el Juan Rulfo (otro trofeo de su impecable palmar\u00e9s) y, sinceramente, pas\u00e9 de tener la espinita clavada, por no ganar el certamen, a sentirme muy orgulloso de haber compartido podio con ella.<\/div>\n<div align=\"justify\"><\/div>\n<div align=\"justify\"><\/div>\n<div align=\"justify\"><em><strong>A lo largo de tu carrera, has publicado en infinidad de revistas. \u00bfQu\u00e9 tal la experiencia? \u00bfPara cu\u00e1ndo tu primera obra en solitario?<\/strong> <\/em><\/div>\n<div align=\"justify\"><\/div>\n<div align=\"justify\">Comenc\u00e9 a sumergirme en las revistas culturales (ya fueran impresas o digitales) de una forma casi obsesiva. En ellas le\u00ed infinidad de textos de autores desconocidos (tambi\u00e9n consagrados), y me ha servido para tener algo m\u00e1s de un centenar de colaboraciones repartidas por ah\u00ed. Me ha servido para conocer a much\u00edsima gente, espa\u00f1oles y latinoamericanos. Con algunos guardo una buena amistad. Sigo colaborando en estos medios, aunque ahora lo hago de forma m\u00e1s selectiva y espor\u00e1dica.Mi primera obra en solitario aparecer\u00e1 a finales del 2009, si todo marcha bien, con la editorial Grupo AJEC. Es una novela de g\u00e9nero fant\u00e1stico, con una primera mitad muy semejante a una novela hist\u00f3rica medieval en cuanto al estilo narrativo (he le\u00eddo m\u00e1s literatura y ensayo hist\u00f3rico que fant\u00e1stico). Despu\u00e9s, los personajes van introduci\u00e9ndose cada vez m\u00e1s en territorios desconocidos, buscando el mismo Infierno.Voy a comenzar a mover otra novela (de terror) y una antolog\u00eda de relatos, en los que tengo bastante confianza. En el caj\u00f3n esperan dos libros m\u00e1s. En la cabeza muchos otros.<br \/><a href=\"http:\/\/www.ociojoven.com\/imagecatalogue\/imageview\/739418\/31\/?RefererURL=\/article\/articleview\/996805\/\"><\/a><br \/><em><strong>Tambi\u00e9n fuiste durante nada menos que cinco a\u00f1os director de la Revista Oxigen. \u00bfQu\u00e9 podr\u00edas comentarnos sobre esta etapa?<\/strong> <\/em>\n<\/div>\n<div align=\"justify\"><\/div>\n<div align=\"justify\">Ufff. No puedo describir lo afligido que me sent\u00ed al terminar la edici\u00f3n de Oxigen. Fue una etapa extraordinariamente gratificante. Puse mucho trabajo de mi parte. Los primeros dos n\u00fameros los efectu\u00e9 yo solito, con algunas colaboraciones de autores. Poco a poco fue creciendo. En su madurez, al cabo de dos a\u00f1os, la revista lleg\u00f3 a tener una plantilla de ocho personas (incluso examin\u00e9 de entre m\u00e1s de treinta candidatos a quienes formaron el comit\u00e9 editorial), adem\u00e1s de unos cuantos colaboradores espor\u00e1dicos y cerca de seiscientos suscriptores. Hubo muchos mensajes de \u00e1nimo. A uno le gratifica saber que varios profesores utilizaban nuestros contenidos para presentarlos a sus alumnos en la universidad o el instituto. Algunos autores lograron publicar en papel gracias a publicitar sus relatos desde la Red. Pero tambi\u00e9n hubo temporadas dif\u00edciles, demasiada carga de trabajo. El momento m\u00e1s duro fue cuando la subdirectora falleci\u00f3 debido a una enfermedad degenerativa. Viv\u00edamos en la misma ciudad, y ella nunca quiso que nos vi\u00e9ramos. Antes de fallecer me envi\u00f3 como regalo, por mediaci\u00f3n de un familiar, una buena cantidad de sus libros. Despu\u00e9s del varapalo, la revista se repuso, pero al final del quinto a\u00f1o sent\u00ed que deb\u00eda echar el ancla. El trabajo como director de revista absorb\u00eda casi todo mi tiempo, pese a que hab\u00eda delegado buena parte de las funciones. Sent\u00ed que necesitaba crecer m\u00e1s como escritor.<\/div>\n<div align=\"justify\"><\/div>\n<div align=\"justify\"><\/div>\n<div align=\"justify\"><em><strong>Aqu\u00ed, en Ociojoven, tenemos muy presente siempre una cuesti\u00f3n: \u00bfQu\u00e9 crees que ha supuesto Internet para la literatura?<\/strong> <\/em><\/div>\n<div align=\"justify\"><\/div>\n<div align=\"justify\">Hace a\u00f1os me hicieron una pregunta parecida. Pero creo que ha cambiado mi percepci\u00f3n, ahora soy m\u00e1s pesimista.A priori todo son ventajas. Existen pocos medios impresos hoy en d\u00eda donde pueda publicarse literatura \u00edntegramente, sin amiguismos, sin mecenas. Internet ha abierto un abanico inmenso de posibilidades. Se pueden leer los relatos de Cort\u00e1zar o los poemas de Neruda sin moverse de casa, descargar los microcuentos de Benedetti o el Quijote en formatos de audio. Adem\u00e1s, favorece much\u00edsimo el contacto entre autores, y entre lectores con los propios autores. Internet hace que la literatura sea menos endog\u00e1mica. Solo le veo un problema, pero es enorme: La mejor literatura contempor\u00e1nea sigue public\u00e1ndose en papel. S\u00ed, en Internet se publica mucho, y aparecen autores muy buenos (sobre todo en revistas que tienen filtros editoriales), pero la mayor parte no lo son. De hecho, yo tengo textos p\u00e9simos colgados en la Red, pertenecientes a mis inicios.Especialmente, se publica cualquier cosa en los foros. Digamos que parece que en Internet, a juzgar por algunos textos que uno se encuentra, hay muy pocos escritores, pero muchos aficionados a escribir, y pocos lectores. Con demasiada frecuencia se forman nocivos grup\u00fasculos, con personas que se apoyan entre s\u00ed alabando sus defectos, y perdiendo el tiempo en lugar de leer y escribir con m\u00e1s constancia para mejorar.<\/div>\n<div align=\"justify\"><\/div>\n<div align=\"justify\"><\/div>\n<div align=\"justify\"><em><strong>El terror, especialmente desde tu incorporaci\u00f3n a Nocte, apunta como uno de tus g\u00e9neros preferidos dentro de la literatura. \u00bfDe d\u00f3nde viene esa atracci\u00f3n? \u00bfQu\u00e9 virtudes le achacar\u00edas?<\/strong> <\/em><\/div>\n<div align=\"justify\"><\/div>\n<div align=\"justify\">El g\u00e9nero de terror me atrajo especialmente en torno a los diecisiete a\u00f1os, cuando le\u00ed a H.P. Lovecraft por primera vez. Despu\u00e9s le\u00ed a los cl\u00e1sicos, Poe, Maupassant\u2026 Aunque reconozco que no ha sido hasta los \u00faltimos dos a\u00f1os cuando he comenzado a leer m\u00e1s libros dentro del g\u00e9nero. La virtud principal del terror\u2026 bueno, Quiroga dec\u00eda que si se debiera juzgar el valor de los sentimientos por su intensidad, ninguno ser\u00eda tan rico como el miedo. Creo que \u00e9se es el secreto. Una buena novela de terror es doblemente intensa. <\/div>\n<div align=\"justify\"><\/div>\n<div align=\"justify\"><\/div>\n<div align=\"justify\"><em><strong>Un escritor se hace, sin duda, a base de lecturas. \u00bfCu\u00e1les dir\u00edas que son los autores que m\u00e1s han influ\u00eddo en tu estilo?<\/strong> <\/em><\/div>\n<div align=\"justify\"><\/div>\n<div align=\"justify\">Francamente, he sido tan sumamente ca\u00f3tico en mis lecturas que resulta dif\u00edcil determinarlo. Un d\u00eda leo un poemario de Gil de Biedma, y al d\u00eda siguiente leo a Matheson. Los \u00fanicos autores con los que he mantenido absoluta fidelidad han sido Hermann Hesse y Tolkien (buena mezcla, \u00bfeh?). Influirme, en cambio, lo ha hecho m\u00e1s el primero. Tambi\u00e9n Joyce, Beckett, Az\u00faa\u2026<\/div>\n<div align=\"justify\"><\/div>\n<div align=\"justify\"><\/div>\n<div align=\"justify\"><em><strong>\u00bfTienes alguna rareza confesable, en lo literario?<\/strong> <\/em><\/div>\n<div align=\"justify\"><\/div>\n<div align=\"justify\">Reconozco que ostento una rareza poco usual en alguien que adora los libros. Gusto de garabatear, en las \u00faltimas p\u00e1ginas en blanco, todo tipo de anotaciones sobre lo que leo. Apunto ideas que me surgen, frases que creo perfectas, expresiones utilizadas por el autor, referencias a los p\u00e1rrafos m\u00e1s logrados, vocabulario que aprender, etc. Se ha convertido en una man\u00eda dif\u00edcilmente evitable.<br \/><a href=\"http:\/\/www.ociojoven.com\/imagecatalogue\/imageview\/739417\/31\/?RefererURL=\/article\/articleview\/996805\/\"><\/a><br \/><em><strong>Una cosa que me llam\u00f3 la atenci\u00f3n de tu relato \u00abEl c\u00f3nclave\u00bb es su ambientaci\u00f3n, la cual, como paisano tuyo, me resulta muy cercana. \u00bfEs una elecci\u00f3n voluntaria o simplemente sale as\u00ed la historia?<\/strong> <\/em>\n<\/div>\n<div align=\"justify\">Como he mencionado antes, la inspiraci\u00f3n result\u00f3 crucial. Surgi\u00f3 en un pueblecito del Pirineo, y por eso quise ambientarlo ah\u00ed. Creo que en esos lugares es m\u00e1s f\u00e1cil idear historias sobre componentes fant\u00e1sticos. En las ciudades suceden los cr\u00edmenes m\u00e1s atroces, pero en los pueblos se ocultan las leyendas.<\/div>\n<div align=\"justify\"><\/div>\n<div align=\"justify\"><\/div>\n<div align=\"justify\"><em><strong>\u00bfTe animar\u00edas a recomendarnos algunas lecturas? \u00bfY de terror?<\/strong> <\/em><\/div>\n<div align=\"justify\"><\/div>\n<div align=\"justify\">Claro. Si se tiene un cierto car\u00e1cter reflexivo y solitario, recomiendo casi cualquier cosa de Hermann Hesse. Especialmente, \u00abEl lobo estepario\u00bb, \u00abDemian\u00bb y \u00abSiddharta\u00bb. Son obras impresionantes. Unamuno es tambi\u00e9n muy reflexivo, imprescindibles su \u00abSan Manuel Bueno, M\u00e1rtir\u00bb y \u00abNiebla\u00bb. Quien quiera la mejor aventura fant\u00e1stica, para m\u00ed \u00abEl se\u00f1or de los anillos\u00bb siempre ser\u00e1 inigualable. \u00abMi planta de Naranja Lima\u00bb, de Jos\u00e9 Mauro de Vasconcelos, es uno de mis favoritos. Nunca he le\u00eddo un libro que desprenda tanta ternura. \u00abDiario de un hombre humillado\u00bb, de F\u00e9lix de Az\u00faa, es incre\u00edble estil\u00edsticamente. \u00abEl guardi\u00e1n entre el centeno\u00bb, \u00ab1984\u00bb, las novelas cortas de Truman Capote\u2026De terror, recomiendo a Lovecraft y a Barker. Diametralmente opuestos, son los dos autores de terror que m\u00e1s me han impresionado.<\/div>\n<div align=\"justify\"><\/div>\n<div align=\"justify\"><\/div>\n<div align=\"justify\"><strong><em>\u00bfQu\u00e9 impresi\u00f3n te causaron las jornadas del Liter Imaginarius? \u00bfCrees que se deber\u00edan fomentar m\u00e1s estos encuentros? <\/em><\/strong><\/div>\n<div align=\"justify\"><\/div>\n<div align=\"justify\">Pienso regresar cuantas veces pueda. Las ponencias all\u00ed expuestas me encantaron. Creo que esas jornadas son imprescindibles para todo aficionado al terror. Y para todo aficionado a la literatura en general. El ambiente me pareci\u00f3 realmente agradable, y acuden muchos de los autores que desarrollamos el g\u00e9nero. S\u00ed que se deber\u00edan fomentar estos encuentros. Creo que la riqueza cultural de un pa\u00eds se mide en peque\u00f1as cosas como \u00e9sas. En Espa\u00f1a, ya puede venir a un acto uno de los poetas, escritores o pintores m\u00e1s importantes del pa\u00eds, que la sala estar\u00e1 desangelada si no acude invitado un personaje televisivo. Siempre digo que parece que haya que repartir vino y canap\u00e9s para que vengan m\u00e1s asistentes. La gente acude fervorosamente y demuestra una gran inquietud cultural cuando sabe que tras las charlas les van a ofrecer unos bocaditos. Quiz\u00e1s los escritores debi\u00e9ramos aprender algo de hosteler\u00eda. \u00bfC\u00f3mo era eso de la monta\u00f1a y Mahoma?<\/div>\n<div align=\"justify\"><\/div>\n<div align=\"justify\"><\/div>\n<div align=\"justify\">\n<strong><em>Y ya para terminar, \u00bfcu\u00e1les son tus pr\u00f3ximos proyectos?<\/em><\/strong> <\/div>\n<div align=\"justify\">Vamos a ver. Quiero pulir un libro de relatos hasta finales de a\u00f1o. Despu\u00e9s abordar\u00e9 alguna de las ideas que me rondan. Hace un par de a\u00f1os decid\u00ed aumentar mi producci\u00f3n literaria, imponi\u00e9ndome como objetivo escribir al menos un libro al a\u00f1o (novela o antolog\u00eda de relatos), cosa que voy consiguiendo con creces. Por mi cabeza ronda un libro sobre mitolog\u00eda fant\u00e1stica aragonesa, proyectadas dos novelas polic\u00edacas, una novela de ciencia ficci\u00f3n, otra de terror, dos novelas realistas contempor\u00e1neas, y una novela hist\u00f3rica. No son ideas vagas. Con las distancias largas no funciono por impulsos, sino por objetivos. Voy recopilando ideas e informaci\u00f3n, creando estructuras, hasta que me lanzo al reto.Como guionista de c\u00f3mic tambi\u00e9n tengo varios proyectos, algunos de ellos basados en relatos de terror. Claro que aqu\u00ed dependo del ritmo del dibujante.<\/div>\n<div align=\"justify\"><\/div>\n<div align=\"justify\"><\/div>\n<div align=\"justify\">\n<strong><em>Mucha suerte y \u00e1nimo con estos proyectos, \u00d3scar, y muchas gracias por brindarnos esta entrevista. Te iremos siguiendo la pista.<\/em><\/strong> <\/div>\n<div align=\"justify\"><\/div>\n<div align=\"justify\">Muchas gracias a vosotros por ofrecerme este peque\u00f1o espacio. <\/div>\n<div align=\"justify\"><\/div>\n","protected":false},"excerpt":{"rendered":"<p>Reproduzco la entrevista que en noviembre de 2008 Juan \u00c1ngel Laguna Edroso me hizo como representante de Ociojoven (el conocido portal del Grupo Planeta que cerr\u00f3 sus puertas recientemente): &#8212;&#8212;&#8212;&#8212;&#8212;&#8212;&#8212; Hoy tenemos con nosotros a este escritor aragon\u00e9s, ganador del &hellip; <a href=\"http:\/\/oscarbribian.com\/?p=318\">Sigue leyendo <span class=\"meta-nav\">&rarr;<\/span><\/a><\/p>\n","protected":false},"author":1,"featured_media":0,"comment_status":"open","ping_status":"open","sticky":false,"template":"","format":"standard","meta":{"jetpack_post_was_ever_published":false,"_jetpack_newsletter_access":"","_jetpack_dont_email_post_to_subs":false,"_jetpack_newsletter_tier_id":0,"_jetpack_memberships_contains_paywalled_content":false,"_jetpack_memberships_contains_paid_content":false,"footnotes":"","jetpack_publicize_message":"","jetpack_publicize_feature_enabled":true,"jetpack_social_post_already_shared":false,"jetpack_social_options":{"image_generator_settings":{"template":"highway","default_image_id":0,"font":"","enabled":false},"version":2}},"categories":[14,13],"tags":[],"class_list":["post-318","post","type-post","status-publish","format-standard","hentry","category-charlas-y-conferencias","category-resenas-sobre-mi-obra"],"jetpack_publicize_connections":[],"jetpack_featured_media_url":"","jetpack_sharing_enabled":true,"jetpack_shortlink":"https:\/\/wp.me\/p9NjCT-58","jetpack_likes_enabled":true,"jetpack-related-posts":[],"_links":{"self":[{"href":"http:\/\/oscarbribian.com\/index.php?rest_route=\/wp\/v2\/posts\/318","targetHints":{"allow":["GET"]}}],"collection":[{"href":"http:\/\/oscarbribian.com\/index.php?rest_route=\/wp\/v2\/posts"}],"about":[{"href":"http:\/\/oscarbribian.com\/index.php?rest_route=\/wp\/v2\/types\/post"}],"author":[{"embeddable":true,"href":"http:\/\/oscarbribian.com\/index.php?rest_route=\/wp\/v2\/users\/1"}],"replies":[{"embeddable":true,"href":"http:\/\/oscarbribian.com\/index.php?rest_route=%2Fwp%2Fv2%2Fcomments&post=318"}],"version-history":[{"count":0,"href":"http:\/\/oscarbribian.com\/index.php?rest_route=\/wp\/v2\/posts\/318\/revisions"}],"wp:attachment":[{"href":"http:\/\/oscarbribian.com\/index.php?rest_route=%2Fwp%2Fv2%2Fmedia&parent=318"}],"wp:term":[{"taxonomy":"category","embeddable":true,"href":"http:\/\/oscarbribian.com\/index.php?rest_route=%2Fwp%2Fv2%2Fcategories&post=318"},{"taxonomy":"post_tag","embeddable":true,"href":"http:\/\/oscarbribian.com\/index.php?rest_route=%2Fwp%2Fv2%2Ftags&post=318"}],"curies":[{"name":"wp","href":"https:\/\/api.w.org\/{rel}","templated":true}]}}