{"id":319,"date":"2009-07-17T06:43:00","date_gmt":"2009-07-17T06:43:00","guid":{"rendered":"http:\/\/oscarbribian.com\/?p=319"},"modified":"2009-07-17T06:43:00","modified_gmt":"2009-07-17T06:43:00","slug":"mesa-redonda-en-fnac-poe-en-la-literatura-de-terror-actual","status":"publish","type":"post","link":"http:\/\/oscarbribian.com\/?p=319","title":{"rendered":"Mesa redonda en FNAC &quot;Poe en la literatura de terror actual&quot;"},"content":{"rendered":"<div align=\"justify\">Voy a recordar una noticia sobre una charla que tuvo lugar hace algunos meses y en la que particip\u00e9:<\/p>\n<p><a href=\"https:\/\/i0.wp.com\/3.bp.blogspot.com\/_TQOiFgpmezE\/SmAf6h2yuqI\/AAAAAAAAAIM\/t1l_-Uny8Ng\/s1600-h\/hijosdepoe.jpg\"><img data-recalc-dims=\"1\" decoding=\"async\" alt=\"\" src=\"https:\/\/i0.wp.com\/3.bp.blogspot.com\/_TQOiFgpmezE\/SmAf6h2yuqI\/AAAAAAAAAIM\/t1l_-Uny8Ng\/s320\/hijosdepoe.jpg?w=640\" border=\"0\"><\/a> El pasado d\u00eda 10 de febrero tuvo lugar un evento en la Fnac de la Plaza de Espa\u00f1a (Zaragoza), donde se conmemoraba el 200 aniversario del nacimiento del escritor norteamericano Edgar Allan Poe (1809-1849) con una sesi\u00f3n doble.En primer lugar, Juan Casamayor, editor de P\u00e1ginas de Espuma, present\u00f3 una edici\u00f3n comentada de los \u00abCuentos completos\u00bb de Poe, en traducci\u00f3n de Julio Cort\u00e1zar. Junto a \u00e9l intervinieron Patricia Esteban, Ismael Grassa y Manuel Vilas.Posteriormente, Nocte se hizo cargo de una mesa redonda en torno al tema \u00abPoe en la literatura de terror actual\u00bb. <\/div>\n<div align=\"justify\">\n<br \/><img data-recalc-dims=\"1\" decoding=\"async\" alt=\"\" src=\"https:\/\/i0.wp.com\/3.bp.blogspot.com\/_TQOiFgpmezE\/SmAfoJwooWI\/AAAAAAAAAH8\/GN8jPxB3CP4\/s320\/charla_poe.jpg?w=640\" border=\"0\"> \u00d3scar Bribi\u00e1n, David Jasso y Roberto Malo (en la imagen, de izquierda a derecha) comentaron las diferentes aportaciones del escritor en distintos \u00e1mbitos. Desde su creaci\u00f3n de la novela detectivesca, pasando por su quehacer po\u00e9tico y su fundamental aportaci\u00f3n a la literatura moderna y m\u00e1s concretamente al g\u00e9nero de terror. Tambi\u00e9n se habl\u00f3 de su influencia en el s\u00e9ptimo arte, y en el c\u00f3mic y la m\u00fasica actual.El p\u00fablico fue abundante y el acto un \u00e9xito. Del mismo modo, David Jasso, presidente de Nocte, aprovech\u00f3 para presentar la asociaci\u00f3n de escritores de terror ante los medios y p\u00fablico asistentes. <\/div>\n","protected":false},"excerpt":{"rendered":"<p>Voy a recordar una noticia sobre una charla que tuvo lugar hace algunos meses y en la que particip\u00e9: El pasado d\u00eda 10 de febrero tuvo lugar un evento en la Fnac de la Plaza de Espa\u00f1a (Zaragoza), donde se &hellip; <a href=\"http:\/\/oscarbribian.com\/?p=319\">Sigue leyendo <span class=\"meta-nav\">&rarr;<\/span><\/a><\/p>\n","protected":false},"author":1,"featured_media":0,"comment_status":"open","ping_status":"open","sticky":false,"template":"","format":"standard","meta":{"jetpack_post_was_ever_published":false,"_jetpack_newsletter_access":"","_jetpack_dont_email_post_to_subs":false,"_jetpack_newsletter_tier_id":0,"_jetpack_memberships_contains_paywalled_content":false,"_jetpack_memberships_contains_paid_content":false,"footnotes":"","jetpack_publicize_message":"","jetpack_publicize_feature_enabled":true,"jetpack_social_post_already_shared":false,"jetpack_social_options":{"image_generator_settings":{"template":"highway","default_image_id":0,"font":"","enabled":false},"version":2}},"categories":[14],"tags":[],"class_list":["post-319","post","type-post","status-publish","format-standard","hentry","category-charlas-y-conferencias"],"jetpack_publicize_connections":[],"jetpack_featured_media_url":"","jetpack_sharing_enabled":true,"jetpack_shortlink":"https:\/\/wp.me\/p9NjCT-59","jetpack_likes_enabled":true,"jetpack-related-posts":[],"_links":{"self":[{"href":"http:\/\/oscarbribian.com\/index.php?rest_route=\/wp\/v2\/posts\/319","targetHints":{"allow":["GET"]}}],"collection":[{"href":"http:\/\/oscarbribian.com\/index.php?rest_route=\/wp\/v2\/posts"}],"about":[{"href":"http:\/\/oscarbribian.com\/index.php?rest_route=\/wp\/v2\/types\/post"}],"author":[{"embeddable":true,"href":"http:\/\/oscarbribian.com\/index.php?rest_route=\/wp\/v2\/users\/1"}],"replies":[{"embeddable":true,"href":"http:\/\/oscarbribian.com\/index.php?rest_route=%2Fwp%2Fv2%2Fcomments&post=319"}],"version-history":[{"count":0,"href":"http:\/\/oscarbribian.com\/index.php?rest_route=\/wp\/v2\/posts\/319\/revisions"}],"wp:attachment":[{"href":"http:\/\/oscarbribian.com\/index.php?rest_route=%2Fwp%2Fv2%2Fmedia&parent=319"}],"wp:term":[{"taxonomy":"category","embeddable":true,"href":"http:\/\/oscarbribian.com\/index.php?rest_route=%2Fwp%2Fv2%2Fcategories&post=319"},{"taxonomy":"post_tag","embeddable":true,"href":"http:\/\/oscarbribian.com\/index.php?rest_route=%2Fwp%2Fv2%2Ftags&post=319"}],"curies":[{"name":"wp","href":"https:\/\/api.w.org\/{rel}","templated":true}]}}