{"id":330,"date":"2009-06-12T09:50:00","date_gmt":"2009-06-12T09:50:00","guid":{"rendered":"http:\/\/oscarbribian.com\/?p=330"},"modified":"2009-06-12T09:50:00","modified_gmt":"2009-06-12T09:50:00","slug":"el-show-del-terror","status":"publish","type":"post","link":"http:\/\/oscarbribian.com\/?p=330","title":{"rendered":"El show del terror"},"content":{"rendered":"<p><a href=\"https:\/\/i0.wp.com\/4.bp.blogspot.com\/_TQOiFgpmezE\/SjIlcgKJ6iI\/AAAAAAAAAEc\/mPKZd-I0kJg\/s1600-h\/El_show_delterror.jpg\"><img data-recalc-dims=\"1\" decoding=\"async\" alt=\"\" src=\"https:\/\/i0.wp.com\/4.bp.blogspot.com\/_TQOiFgpmezE\/SjIlcgKJ6iI\/AAAAAAAAAEc\/mPKZd-I0kJg\/s320\/El_show_delterror.jpg?w=640\" border=\"0\"><\/a><\/p>\n<div align=\"justify\">Ayer por la noche, a eso de las 21:00 horas, asist\u00ed al original \u00abEl show del Terror\u00bb que David Jasso, Roberto Malo y Clara Laguna (los dos primeros, miembros de Nocte) protagonizaron en el Albergue juvenil de Zaragoza, sito en la calle Predicadores. El show propiamente dicho ten\u00eda lugar en la bodega, aunque los visitantes pod\u00edan descender previamente, si lo deseaban, por la escalinata que constitu\u00eda uno de los entramados de la antigua c\u00e1rcel de mujeres. Todo muy t\u00e9trico; el lugar era id\u00f3neo para augurar un espect\u00e1culo de terror.<br \/>Al descender a la oscura (y extensa) bodega advert\u00ed la presencia de las c\u00e1maras y los responsables de grabaci\u00f3n ultimando los detalles. Hab\u00eda mucha gente ocupando los asientos y sof\u00e1s (la mayor\u00eda permanec\u00eda de pie, ya que la asistencia fue notable), dispuestos alrededor del peque\u00f1o escenario entarimado, flanqueado por dos l\u00f3bregas entradas, aderezadas con telara\u00f1as, ar\u00e1cnidos de goma y algunos murci\u00e9lagos encaramados a las paredes de piedra. El ambiente promet\u00eda una hora de absoluto divertimento. No obstante, siempre hay dudas en los estrenos, y en los rostros de los monologuistas se plasmaba la agitaci\u00f3n, mezcla de incertidumbre e ilusi\u00f3n por mostrar el trabajo previo.<br \/>Pero centr\u00e9monos en el show, que es lo que nos ocupa. Roberto Malo hizo su aparici\u00f3n, como un brib\u00f3n \u00e1vido de aplausos. Ya se dejaba clara la intenci\u00f3n de los protagonistas: Habr\u00eda terror y suspense\u2026 y humor, mucho humor, siempre en torno al g\u00e9nero oscuro. Con su breve presentaci\u00f3n dio inicio el espect\u00e1culo, y as\u00ed anunci\u00f3 la entrada de Clara Laguna, quien a su vez fue sustituida por David Jasso, para despu\u00e9s regresar Roberto y elaborar as\u00ed una rueda de breves mon\u00f3logos que mantuvieron a los espectadores absolutamente atentos, intrigados en algunos pasajes orales, y divertidos hasta la amplia carcajada tras escuchar las divertidas an\u00e9cdotas.<br \/>Desde la melanc\u00f3lica historia de la \u00abMusiquita\u00bb, que Clara Laguna interpret\u00f3 con maestr\u00eda provocando la tribulaci\u00f3n entre el p\u00fablico, el intrigante relato de David con sus visitas a la obscura fresquera cuando era ni\u00f1o, que arranc\u00f3 fuertes aplausos al culminar, hasta la hilarante historia de Roberto Malo cuando narr\u00f3 su er\u00f3tica abducci\u00f3n a manos una extraterrestre, estimulando el jolgorio de la sala abarrotada. Todas y cada una de las historias que contaron fueron excelentes.<br \/>Cuando el espect\u00e1culo termin\u00f3, el p\u00fablico se arranc\u00f3 en aplausos. Despu\u00e9s se sucedieron fotograf\u00edas y felicitaciones a los monologuistas. El show hab\u00eda dejado un muy buen sabor de boca. Ojal\u00e1 el proyecto salga adelante y guste a quien corresponda para que sea emitido en la televisi\u00f3n. Claro que, debemos tener en cuenta que lo que la peque\u00f1a pantalla entiende hoy en d\u00eda por cultura y entretenimiento, se refiere m\u00e1s bien a mostrar payasos con gafas de pasta, se\u00f1oronas imb\u00e9ciles y casposos oportunistas, sin remilgos para bajarse los pantalones, insultar al pr\u00f3jimo o re\u00edr a mand\u00edbula batiente seg\u00fan les dicte el realizador. Todo sea por la audiencia.<br \/>Sin embargo, donde est\u00e9n unos buenos mon\u00f3logos, que se quite la basura. \u00abEl show del terror\u00bb mostr\u00f3 una vena c\u00f3mica quiz\u00e1s inexplorada. Una inteligente mezcla de suspense con humor. Yo les auguro mucho \u00e9xito.<\/div>\n","protected":false},"excerpt":{"rendered":"<p>Ayer por la noche, a eso de las 21:00 horas, asist\u00ed al original \u00abEl show del Terror\u00bb que David Jasso, Roberto Malo y Clara Laguna (los dos primeros, miembros de Nocte) protagonizaron en el Albergue juvenil de Zaragoza, sito en &hellip; <a href=\"http:\/\/oscarbribian.com\/?p=330\">Sigue leyendo <span class=\"meta-nav\">&rarr;<\/span><\/a><\/p>\n","protected":false},"author":1,"featured_media":0,"comment_status":"open","ping_status":"open","sticky":false,"template":"","format":"standard","meta":{"jetpack_post_was_ever_published":false,"_jetpack_newsletter_access":"","_jetpack_dont_email_post_to_subs":false,"_jetpack_newsletter_tier_id":0,"_jetpack_memberships_contains_paywalled_content":false,"_jetpack_memberships_contains_paid_content":false,"footnotes":"","jetpack_publicize_message":"","jetpack_publicize_feature_enabled":true,"jetpack_social_post_already_shared":false,"jetpack_social_options":{"image_generator_settings":{"template":"highway","default_image_id":0,"font":"","enabled":false},"version":2}},"categories":[5],"tags":[],"class_list":["post-330","post","type-post","status-publish","format-standard","hentry","category-eventos"],"jetpack_publicize_connections":[],"jetpack_featured_media_url":"","jetpack_sharing_enabled":true,"jetpack_shortlink":"https:\/\/wp.me\/p9NjCT-5k","jetpack_likes_enabled":true,"jetpack-related-posts":[],"_links":{"self":[{"href":"http:\/\/oscarbribian.com\/index.php?rest_route=\/wp\/v2\/posts\/330","targetHints":{"allow":["GET"]}}],"collection":[{"href":"http:\/\/oscarbribian.com\/index.php?rest_route=\/wp\/v2\/posts"}],"about":[{"href":"http:\/\/oscarbribian.com\/index.php?rest_route=\/wp\/v2\/types\/post"}],"author":[{"embeddable":true,"href":"http:\/\/oscarbribian.com\/index.php?rest_route=\/wp\/v2\/users\/1"}],"replies":[{"embeddable":true,"href":"http:\/\/oscarbribian.com\/index.php?rest_route=%2Fwp%2Fv2%2Fcomments&post=330"}],"version-history":[{"count":0,"href":"http:\/\/oscarbribian.com\/index.php?rest_route=\/wp\/v2\/posts\/330\/revisions"}],"wp:attachment":[{"href":"http:\/\/oscarbribian.com\/index.php?rest_route=%2Fwp%2Fv2%2Fmedia&parent=330"}],"wp:term":[{"taxonomy":"category","embeddable":true,"href":"http:\/\/oscarbribian.com\/index.php?rest_route=%2Fwp%2Fv2%2Fcategories&post=330"},{"taxonomy":"post_tag","embeddable":true,"href":"http:\/\/oscarbribian.com\/index.php?rest_route=%2Fwp%2Fv2%2Ftags&post=330"}],"curies":[{"name":"wp","href":"https:\/\/api.w.org\/{rel}","templated":true}]}}