{"id":507,"date":"2013-03-30T12:05:40","date_gmt":"2013-03-30T12:05:40","guid":{"rendered":"http:\/\/oscarbribian.com\/?p=507"},"modified":"2014-02-09T20:54:54","modified_gmt":"2014-02-09T20:54:54","slug":"resena-de-ultimos-dias-en-el-puesto-del-este-de-cristina-fallaras","status":"publish","type":"post","link":"http:\/\/oscarbribian.com\/?p=507","title":{"rendered":"Rese\u00f1a de \u00daltimos d\u00edas en el puesto del este, de Cristina Fallar\u00e1s"},"content":{"rendered":"<p align=\"JUSTIFY\"><a href=\"https:\/\/i0.wp.com\/oscarbribian.com\/wp-content\/uploads\/2013\/03\/030_libroultimosdiasenelpuestodeleste.jpg\"><img data-recalc-dims=\"1\" loading=\"lazy\" decoding=\"async\" data-attachment-id=\"508\" data-permalink=\"http:\/\/oscarbribian.com\/?attachment_id=508\" data-orig-file=\"https:\/\/i0.wp.com\/oscarbribian.com\/wp-content\/uploads\/2013\/03\/030_libroultimosdiasenelpuestodeleste.jpg?fit=200%2C308\" data-orig-size=\"200,308\" data-comments-opened=\"1\" data-image-meta=\"{&quot;aperture&quot;:&quot;0&quot;,&quot;credit&quot;:&quot;&quot;,&quot;camera&quot;:&quot;&quot;,&quot;caption&quot;:&quot;&quot;,&quot;created_timestamp&quot;:&quot;0&quot;,&quot;copyright&quot;:&quot;&quot;,&quot;focal_length&quot;:&quot;0&quot;,&quot;iso&quot;:&quot;0&quot;,&quot;shutter_speed&quot;:&quot;0&quot;,&quot;title&quot;:&quot;&quot;}\" data-image-title=\"030_libroultimosdiasenelpuestodeleste\" data-image-description=\"\" data-image-caption=\"\" data-large-file=\"https:\/\/i0.wp.com\/oscarbribian.com\/wp-content\/uploads\/2013\/03\/030_libroultimosdiasenelpuestodeleste.jpg?fit=200%2C308\" class=\"size-full wp-image-508 alignleft\" alt=\"030_libroultimosdiasenelpuestodeleste\" src=\"https:\/\/i0.wp.com\/oscarbribian.com\/wp-content\/uploads\/2013\/03\/030_libroultimosdiasenelpuestodeleste.jpg?resize=200%2C308\" width=\"200\" height=\"308\" srcset=\"https:\/\/i0.wp.com\/oscarbribian.com\/wp-content\/uploads\/2013\/03\/030_libroultimosdiasenelpuestodeleste.jpg?w=200 200w, https:\/\/i0.wp.com\/oscarbribian.com\/wp-content\/uploads\/2013\/03\/030_libroultimosdiasenelpuestodeleste.jpg?resize=194%2C300 194w\" sizes=\"auto, (max-width: 200px) 100vw, 200px\" \/><\/a><\/p>\n<p align=\"JUSTIFY\"><a title=\"&quot;\u00daltimos d\u00edas en puesto del este&quot; en el portal Ociozero\" href=\"http:\/\/www.ociozero.com\/31652\/ultimos-dias-en-el-puesto-del-este\">Publicada inicialmente en Ociozero el 26-3-2013<\/a><\/p>\n<p align=\"JUSTIFY\"><span style=\"font-size: 0.8em;\">\u00a0<\/span><\/p>\n<p align=\"JUSTIFY\">La primera vez que supe de esta historia fue durante la feria del libro de Zaragoza. Fernando Mar\u00edas\u00a0tra\u00eda a tres autores que leer\u00edan e, incluso, interpretar\u00edan, sus narraciones respectivas. Fue un momento de esos en los que uno lamenta cu\u00e1n indolente es la ciudadan\u00eda que se queda en el sof\u00e1 mirando la tele, teniendo actividades culturales como aquella, gratuitas y en pleno centro de la ciudad, ya que apenas est\u00e1bamos una veintena de asistentes en el patio del edificio de Capitan\u00eda, un enclave magn\u00edfico para un evento as\u00ed.<\/p>\n<p align=\"JUSTIFY\">En fin, esos tres autores eran David Torres, Jos\u00e9 Alberto Arias y\u00a0<b>Cristina Fallar\u00e1s<\/b>. Los tres estuvieron estupendos. Yo me hab\u00eda sentido algo defraudado (no tanto por la ausencia de calidad, sino por un exceso de expectaci\u00f3n) con la novela de Fallar\u00e1s<i>Las ni\u00f1as perdidas<\/i>, recientemente premiada por entonces y cuyo recuerdo a\u00fan guardaba en la retina, y sab\u00eda que el texto que la autora nos iba a leer era un extracto de su reci\u00e9n premiada novela\u00a0<i>\u00daltimos d\u00edas en el Puesto del Este<\/i>\u00a0(editada por la malograda\u00a0<b>DVD Ediciones<\/b>\u00a0y rescatada ahora por\u00a0<b>Salto de P\u00e1gina<\/b>). La autora hizo su interpretaci\u00f3n con el\u00a0<i>Adi\u00f3s Nonino<\/i>\u00a0de Astor Piazzola como m\u00fasica de fondo (toda una sorpresa), y supo transmitir la fuerza y desesperaci\u00f3n de la protagonista. Varios meses despu\u00e9s he le\u00eddo la obra completa, esta novela breve que, a mi juicio, se encuentra un pelda\u00f1o por encima de la citada anteriormente.<\/p>\n<p align=\"JUSTIFY\">As\u00ed,\u00a0<i>\u00daltimos d\u00edas en el Puesto del Este<\/i>\u00a0nos conduce a un escenario dist\u00f3pico sobre el que pueden realizarse varias lecturas: el exceso de la tolerancia laica hacia las vertientes m\u00e1s extremistas de las religiones, no importa tanto si orientales u occidentales, la situaci\u00f3n degradante en que se ven envueltas las personas que lo han perdido todo, el nerviosismo y la incertidumbre, el pesimismo que produce estar rodeado de personas con las que no cabe la comunicaci\u00f3n, las rencillas entre seres humanos que conviven en espacios cerrados. Todo eso se transmite en una obra donde los fundamentalistas se presentan como hordas que una y otra vez intentan penetrar en los reductos de la decadente civilizaci\u00f3n, que merodean d\u00eda y noche acompa\u00f1ados de jaur\u00edas para cazar a los \u00faltimos supervivientes del fanatismo globalizado. Pero esto solo es un tel\u00f3n que sirve de excusa para despu\u00e9s mostrar lo que verdaderamente tiene importancia de esta obra, el poderoso mon\u00f3logo interior de una mujer que, junto a sus hijos, vilipendiada por el resto de personas que malviven en el Puesto del Este, aguarda la llegada de su marido, el l\u00edder de ese reducto.<\/p>\n<p align=\"JUSTIFY\">La autora hace gala de su estilo vehemente y directo, de prosa potente y a veces l\u00edrica, cargada de rabia, para sumergirnos en los pensamientos de esta madre y esposa, la Polaca. Una buena novela con pasajes encomiables, di\u00e1logos sin respuesta, pasiones, infidelidades, a\u00f1oranzas, erotismo y violencia, un c\u00f3ctel de recuerdos frente a la cat\u00e1strofe espiritual del mundo. No se la pierdan.<\/p>\n","protected":false},"excerpt":{"rendered":"<p>Publicada inicialmente en Ociozero el 26-3-2013 \u00a0 La primera vez que supe de esta historia fue durante la feria del libro de Zaragoza. Fernando Mar\u00edas\u00a0tra\u00eda a tres autores que leer\u00edan e, incluso, interpretar\u00edan, sus narraciones respectivas. Fue un momento de &hellip; <a href=\"http:\/\/oscarbribian.com\/?p=507\">Sigue leyendo <span class=\"meta-nav\">&rarr;<\/span><\/a><\/p>\n","protected":false},"author":1,"featured_media":0,"comment_status":"open","ping_status":"open","sticky":false,"template":"","format":"standard","meta":{"jetpack_post_was_ever_published":false,"_jetpack_newsletter_access":"","_jetpack_dont_email_post_to_subs":false,"_jetpack_newsletter_tier_id":0,"_jetpack_memberships_contains_paywalled_content":false,"_jetpack_memberships_contains_paid_content":false,"footnotes":"","jetpack_publicize_message":"","jetpack_publicize_feature_enabled":true,"jetpack_social_post_already_shared":false,"jetpack_social_options":{"image_generator_settings":{"template":"highway","default_image_id":0,"font":"","enabled":false},"version":2}},"categories":[4,1],"tags":[],"class_list":["post-507","post","type-post","status-publish","format-standard","hentry","category-opiniones-sobre-libros","category-uncategorized"],"jetpack_publicize_connections":[],"jetpack_featured_media_url":"","jetpack_sharing_enabled":true,"jetpack_shortlink":"https:\/\/wp.me\/p9NjCT-8b","jetpack_likes_enabled":true,"jetpack-related-posts":[],"_links":{"self":[{"href":"http:\/\/oscarbribian.com\/index.php?rest_route=\/wp\/v2\/posts\/507","targetHints":{"allow":["GET"]}}],"collection":[{"href":"http:\/\/oscarbribian.com\/index.php?rest_route=\/wp\/v2\/posts"}],"about":[{"href":"http:\/\/oscarbribian.com\/index.php?rest_route=\/wp\/v2\/types\/post"}],"author":[{"embeddable":true,"href":"http:\/\/oscarbribian.com\/index.php?rest_route=\/wp\/v2\/users\/1"}],"replies":[{"embeddable":true,"href":"http:\/\/oscarbribian.com\/index.php?rest_route=%2Fwp%2Fv2%2Fcomments&post=507"}],"version-history":[{"count":3,"href":"http:\/\/oscarbribian.com\/index.php?rest_route=\/wp\/v2\/posts\/507\/revisions"}],"predecessor-version":[{"id":617,"href":"http:\/\/oscarbribian.com\/index.php?rest_route=\/wp\/v2\/posts\/507\/revisions\/617"}],"wp:attachment":[{"href":"http:\/\/oscarbribian.com\/index.php?rest_route=%2Fwp%2Fv2%2Fmedia&parent=507"}],"wp:term":[{"taxonomy":"category","embeddable":true,"href":"http:\/\/oscarbribian.com\/index.php?rest_route=%2Fwp%2Fv2%2Fcategories&post=507"},{"taxonomy":"post_tag","embeddable":true,"href":"http:\/\/oscarbribian.com\/index.php?rest_route=%2Fwp%2Fv2%2Ftags&post=507"}],"curies":[{"name":"wp","href":"https:\/\/api.w.org\/{rel}","templated":true}]}}