{"id":535,"date":"2013-05-05T08:27:54","date_gmt":"2013-05-05T08:27:54","guid":{"rendered":"http:\/\/oscarbribian.com\/?p=535"},"modified":"2014-02-09T20:54:27","modified_gmt":"2014-02-09T20:54:27","slug":"de-la-montana-y-el-amor-de-javier-arruga","status":"publish","type":"post","link":"http:\/\/oscarbribian.com\/?p=535","title":{"rendered":"De la monta\u00f1a y el amor, de Javier Arruga"},"content":{"rendered":"<p>Acaba de aparecer mi rese\u00f1a de la \u00faltima novela ganadora del premio de literatura Desnivel. Puede leerse en el portal cultural Ociozero:<\/p>\n<p><a href=\"http:\/\/www.ociozero.com\/32416\/de-la-montana-y-el-amor\">http:\/\/www.ociozero.com\/32416\/de-la-montana-y-el-amor<\/a><\/p>\n<p><a href=\"https:\/\/i0.wp.com\/oscarbribian.com\/wp-content\/uploads\/2013\/05\/031_de-la-montana-y-el-amor_javier-arruga.jpg\"><img data-recalc-dims=\"1\" loading=\"lazy\" decoding=\"async\" data-attachment-id=\"536\" data-permalink=\"http:\/\/oscarbribian.com\/?attachment_id=536\" data-orig-file=\"https:\/\/i0.wp.com\/oscarbribian.com\/wp-content\/uploads\/2013\/05\/031_de-la-montana-y-el-amor_javier-arruga.jpg?fit=200%2C304\" data-orig-size=\"200,304\" data-comments-opened=\"1\" data-image-meta=\"{&quot;aperture&quot;:&quot;0&quot;,&quot;credit&quot;:&quot;&quot;,&quot;camera&quot;:&quot;&quot;,&quot;caption&quot;:&quot;&quot;,&quot;created_timestamp&quot;:&quot;0&quot;,&quot;copyright&quot;:&quot;&quot;,&quot;focal_length&quot;:&quot;0&quot;,&quot;iso&quot;:&quot;0&quot;,&quot;shutter_speed&quot;:&quot;0&quot;,&quot;title&quot;:&quot;&quot;}\" data-image-title=\"031_de la montana y el amor_javier arruga\" data-image-description=\"\" data-image-caption=\"\" data-large-file=\"https:\/\/i0.wp.com\/oscarbribian.com\/wp-content\/uploads\/2013\/05\/031_de-la-montana-y-el-amor_javier-arruga.jpg?fit=200%2C304\" class=\"size-full wp-image-536 alignleft\" alt=\"031_de la montana y el amor_javier arruga\" src=\"https:\/\/i0.wp.com\/oscarbribian.com\/wp-content\/uploads\/2013\/05\/031_de-la-montana-y-el-amor_javier-arruga.jpg?resize=200%2C304\" width=\"200\" height=\"304\" srcset=\"https:\/\/i0.wp.com\/oscarbribian.com\/wp-content\/uploads\/2013\/05\/031_de-la-montana-y-el-amor_javier-arruga.jpg?w=200 200w, https:\/\/i0.wp.com\/oscarbribian.com\/wp-content\/uploads\/2013\/05\/031_de-la-montana-y-el-amor_javier-arruga.jpg?resize=197%2C300 197w\" sizes=\"auto, (max-width: 200px) 100vw, 200px\" \/><\/a><\/p>\n<p>Existe mucha afici\u00f3n por la monta\u00f1a. Desde tiempos inmemoriales el hombre ha sentido devoci\u00f3n por los colosos de la naturaleza, y hoy en d\u00eda mucha gente es aficionada a las distintas variantes deportivas que se pueden ejercitar en ella: senderismo, escalada, esqu\u00ed, trekking, ciclismo, barranquismo, etc. Por supuesto, hay una buena cantidad de escritores que, de un modo u otro, se ven atra\u00eddos por las cumbres, los grandes valles o los profundos desfiladeros, paisajes evocadores donde la imaginaci\u00f3n y la espiritualidad se disparan. De manera que es una suerte que exista el\u00a0Premio Desnivel\u00a0para galardonar precisamente a aquellos autores que a\u00fanan dos pasiones, en principio tan diferentes, pero tan ligadas desde siempre, como son la literatura y la monta\u00f1a. En el a\u00f1o 2012 result\u00f3 ganador\u00a0Javier Arruga, profesor de literatura y antrop\u00f3logo, quien se confiesa escritor y apasionado de la monta\u00f1a. El t\u00edtulo de su novela,\u00a0<em>De la monta\u00f1a y el amor<\/em>, recoge y sintetiza bien cuanto alberga en sus p\u00e1ginas.<\/p>\n<p>Esta es una novela con dos historias diferentes. La primera se asemeja a un cuaderno de viaje redactado por un monta\u00f1ero espa\u00f1ol que realiza un viaje por Nepal, recorriendo los valles que conducen al Annapurna, acompa\u00f1ado de su gu\u00eda Shankar, un joven aut\u00f3ctono que le pone al d\u00eda de la situaci\u00f3n pol\u00edtica y social del pa\u00eds. En este caso las descripciones son acertadas y profusas, muy ilustrativas, entremezcladas con multitud de conversaciones y las reflexiones del protagonista en torno a su conflicto interno, continuar con la libertad de la que ha gozado siempre o asumir las responsabilidades de una nueva vida adulta, con un hijo por venir.<\/p>\n<p>Justo cuando esta narraci\u00f3n comienza a hacerse algo pesada, el autor da un salto y comienza con la segunda historia, la que protagonizan dos cordadas, una aragonesa y otra vasca, en su ascenso al K-2. Aqu\u00ed la narraci\u00f3n se vuelve m\u00e1s \u00e1gil, pero el dramatismo comienza cuando uno de los monta\u00f1eros sufre un edema cerebral. Es preciso bajar de altitud para intentar salvarlo, y ah\u00ed es cuando aparece la disyuntiva entre los compa\u00f1eros, ya que unos anteponen la camarader\u00eda y el \u00e9xito del grupo en su conjunto, y otros necesitan culminar sus propios objetivos sin importarles tanto las consecuencias. En este tramo la narraci\u00f3n se vuelve muy interesante, porque\u00a0Arruga\u00a0ha sabido transmitir la incertidumbre, la dureza f\u00edsica y el varapalo moral de los personajes con la verosimilitud necesaria. La muerte estar\u00e1 presente en adelante y eso conllevar\u00e1 nuevas reflexiones y conversaciones, aunque en un par de casos no me parecieron acertadas. No por el tono de los personajes y su lenguaje coloquial, que siempre son cre\u00edbles, sino porque algunos di\u00e1logos se alargan demasiado y no contribuyen mucho a la historia, ya que buscan transmitir sensaciones parecidas. Algunos momentos como la historia de Garbi\u00f1e, por ejemplo, que de forma independiente podr\u00edan tener su valor, no sumaban mucho a la novela y pod\u00edan haberse evitado o minimizado. Se advierte en el autor la necesidad de cerrar cada historia particular y narrar al menos una herida del pasado de cada uno de los personajes, algo que se me antoja innecesario y creo que resta fuerza al final.<\/p>\n<p>Una de las mejores partes del libro, quiero resaltarlo, es el emocionante descenso vivido por el testarudo Kokus tras llegar a la cumbre. Lleg\u00f3 a emocionarme, y eso no me sucede a menudo. Tanto por ese momento sobresaliente, como por la tensi\u00f3n transmitida durante el conflicto de las cordadas y por las generosas descripciones del inicio del libro, esta novela me parece una buena manera de viajar c\u00f3modamente al Himalaya y sentir un poquito de ese sentimiento monta\u00f1ero que hace m\u00e1s libres a los seres humanos.<\/p>\n","protected":false},"excerpt":{"rendered":"<p>Acaba de aparecer mi rese\u00f1a de la \u00faltima novela ganadora del premio de literatura Desnivel. Puede leerse en el portal cultural Ociozero: http:\/\/www.ociozero.com\/32416\/de-la-montana-y-el-amor Existe mucha afici\u00f3n por la monta\u00f1a. Desde tiempos inmemoriales el hombre ha sentido devoci\u00f3n por los colosos &hellip; <a href=\"http:\/\/oscarbribian.com\/?p=535\">Sigue leyendo <span class=\"meta-nav\">&rarr;<\/span><\/a><\/p>\n","protected":false},"author":1,"featured_media":0,"comment_status":"open","ping_status":"open","sticky":false,"template":"","format":"standard","meta":{"jetpack_post_was_ever_published":false,"_jetpack_newsletter_access":"","_jetpack_dont_email_post_to_subs":false,"_jetpack_newsletter_tier_id":0,"_jetpack_memberships_contains_paywalled_content":false,"_jetpack_memberships_contains_paid_content":false,"footnotes":"","jetpack_publicize_message":"","jetpack_publicize_feature_enabled":true,"jetpack_social_post_already_shared":false,"jetpack_social_options":{"image_generator_settings":{"template":"highway","default_image_id":0,"font":"","enabled":false},"version":2}},"categories":[4,1],"tags":[],"class_list":["post-535","post","type-post","status-publish","format-standard","hentry","category-opiniones-sobre-libros","category-uncategorized"],"jetpack_publicize_connections":[],"jetpack_featured_media_url":"","jetpack_sharing_enabled":true,"jetpack_shortlink":"https:\/\/wp.me\/p9NjCT-8D","jetpack_likes_enabled":true,"jetpack-related-posts":[],"_links":{"self":[{"href":"http:\/\/oscarbribian.com\/index.php?rest_route=\/wp\/v2\/posts\/535","targetHints":{"allow":["GET"]}}],"collection":[{"href":"http:\/\/oscarbribian.com\/index.php?rest_route=\/wp\/v2\/posts"}],"about":[{"href":"http:\/\/oscarbribian.com\/index.php?rest_route=\/wp\/v2\/types\/post"}],"author":[{"embeddable":true,"href":"http:\/\/oscarbribian.com\/index.php?rest_route=\/wp\/v2\/users\/1"}],"replies":[{"embeddable":true,"href":"http:\/\/oscarbribian.com\/index.php?rest_route=%2Fwp%2Fv2%2Fcomments&post=535"}],"version-history":[{"count":2,"href":"http:\/\/oscarbribian.com\/index.php?rest_route=\/wp\/v2\/posts\/535\/revisions"}],"predecessor-version":[{"id":616,"href":"http:\/\/oscarbribian.com\/index.php?rest_route=\/wp\/v2\/posts\/535\/revisions\/616"}],"wp:attachment":[{"href":"http:\/\/oscarbribian.com\/index.php?rest_route=%2Fwp%2Fv2%2Fmedia&parent=535"}],"wp:term":[{"taxonomy":"category","embeddable":true,"href":"http:\/\/oscarbribian.com\/index.php?rest_route=%2Fwp%2Fv2%2Fcategories&post=535"},{"taxonomy":"post_tag","embeddable":true,"href":"http:\/\/oscarbribian.com\/index.php?rest_route=%2Fwp%2Fv2%2Ftags&post=535"}],"curies":[{"name":"wp","href":"https:\/\/api.w.org\/{rel}","templated":true}]}}