{"id":593,"date":"2013-11-08T11:35:21","date_gmt":"2013-11-08T11:35:21","guid":{"rendered":"http:\/\/oscarbribian.com\/?p=593"},"modified":"2013-11-08T11:38:25","modified_gmt":"2013-11-08T11:38:25","slug":"charla-en-la-biblioteca-manuel-alvar","status":"publish","type":"post","link":"http:\/\/oscarbribian.com\/?p=593","title":{"rendered":"Charla en la biblioteca Manuel Alvar"},"content":{"rendered":"<p><a href=\"https:\/\/i0.wp.com\/oscarbribian.com\/wp-content\/uploads\/2013\/11\/charla-literatura-fantastica-manuelalvar.jpg\"><img data-recalc-dims=\"1\" loading=\"lazy\" decoding=\"async\" data-attachment-id=\"594\" data-permalink=\"http:\/\/oscarbribian.com\/?attachment_id=594\" data-orig-file=\"https:\/\/i0.wp.com\/oscarbribian.com\/wp-content\/uploads\/2013\/11\/charla-literatura-fantastica-manuelalvar.jpg?fit=518%2C736\" data-orig-size=\"518,736\" data-comments-opened=\"1\" data-image-meta=\"{&quot;aperture&quot;:&quot;0&quot;,&quot;credit&quot;:&quot;&quot;,&quot;camera&quot;:&quot;&quot;,&quot;caption&quot;:&quot;&quot;,&quot;created_timestamp&quot;:&quot;0&quot;,&quot;copyright&quot;:&quot;&quot;,&quot;focal_length&quot;:&quot;0&quot;,&quot;iso&quot;:&quot;0&quot;,&quot;shutter_speed&quot;:&quot;0&quot;,&quot;title&quot;:&quot;&quot;}\" data-image-title=\"charla literatura fantastica manuelalvar\" data-image-description=\"\" data-image-caption=\"\" data-large-file=\"https:\/\/i0.wp.com\/oscarbribian.com\/wp-content\/uploads\/2013\/11\/charla-literatura-fantastica-manuelalvar.jpg?fit=518%2C736\" class=\"alignnone size-full wp-image-594\" alt=\"charla literatura fantastica manuelalvar\" src=\"https:\/\/i0.wp.com\/oscarbribian.com\/wp-content\/uploads\/2013\/11\/charla-literatura-fantastica-manuelalvar.jpg?resize=518%2C736\" width=\"518\" height=\"736\" srcset=\"https:\/\/i0.wp.com\/oscarbribian.com\/wp-content\/uploads\/2013\/11\/charla-literatura-fantastica-manuelalvar.jpg?w=518 518w, https:\/\/i0.wp.com\/oscarbribian.com\/wp-content\/uploads\/2013\/11\/charla-literatura-fantastica-manuelalvar.jpg?resize=211%2C300 211w\" sizes=\"auto, (max-width: 518px) 100vw, 518px\" \/><\/a><\/p>\n<p>&nbsp;<\/p>\n<p>Por problemas t\u00e9cnicos no he podido actualizar la web en las \u00faltimas semanas. No obstante, pongo aqu\u00ed el cartel con el que anunci\u00e9 en Redes Sociales la charla que ofrec\u00ed en la biblioteca Manuel Alvar (situada en el barrio Delicias de Zaragoza) el pasado d\u00eda 6. Estupenda la acogida de la biblioteca y el p\u00fablico, que se mostr\u00f3 muy interesado y participativo. \u00a1Gracias por acudir!<\/p>\n","protected":false},"excerpt":{"rendered":"<p>&nbsp; Por problemas t\u00e9cnicos no he podido actualizar la web en las \u00faltimas semanas. No obstante, pongo aqu\u00ed el cartel con el que anunci\u00e9 en Redes Sociales la charla que ofrec\u00ed en la biblioteca Manuel Alvar (situada en el barrio &hellip; <a href=\"http:\/\/oscarbribian.com\/?p=593\">Sigue leyendo <span class=\"meta-nav\">&rarr;<\/span><\/a><\/p>\n","protected":false},"author":1,"featured_media":0,"comment_status":"open","ping_status":"open","sticky":false,"template":"","format":"standard","meta":{"jetpack_post_was_ever_published":false,"_jetpack_newsletter_access":"","_jetpack_dont_email_post_to_subs":false,"_jetpack_newsletter_tier_id":0,"_jetpack_memberships_contains_paywalled_content":false,"_jetpack_memberships_contains_paid_content":false,"footnotes":"","jetpack_publicize_message":"","jetpack_publicize_feature_enabled":true,"jetpack_social_post_already_shared":false,"jetpack_social_options":{"image_generator_settings":{"template":"highway","default_image_id":0,"font":"","enabled":false},"version":2}},"categories":[14],"tags":[],"class_list":["post-593","post","type-post","status-publish","format-standard","hentry","category-charlas-y-conferencias"],"jetpack_publicize_connections":[],"jetpack_featured_media_url":"","jetpack_sharing_enabled":true,"jetpack_shortlink":"https:\/\/wp.me\/p9NjCT-9z","jetpack_likes_enabled":true,"jetpack-related-posts":[],"_links":{"self":[{"href":"http:\/\/oscarbribian.com\/index.php?rest_route=\/wp\/v2\/posts\/593","targetHints":{"allow":["GET"]}}],"collection":[{"href":"http:\/\/oscarbribian.com\/index.php?rest_route=\/wp\/v2\/posts"}],"about":[{"href":"http:\/\/oscarbribian.com\/index.php?rest_route=\/wp\/v2\/types\/post"}],"author":[{"embeddable":true,"href":"http:\/\/oscarbribian.com\/index.php?rest_route=\/wp\/v2\/users\/1"}],"replies":[{"embeddable":true,"href":"http:\/\/oscarbribian.com\/index.php?rest_route=%2Fwp%2Fv2%2Fcomments&post=593"}],"version-history":[{"count":4,"href":"http:\/\/oscarbribian.com\/index.php?rest_route=\/wp\/v2\/posts\/593\/revisions"}],"predecessor-version":[{"id":598,"href":"http:\/\/oscarbribian.com\/index.php?rest_route=\/wp\/v2\/posts\/593\/revisions\/598"}],"wp:attachment":[{"href":"http:\/\/oscarbribian.com\/index.php?rest_route=%2Fwp%2Fv2%2Fmedia&parent=593"}],"wp:term":[{"taxonomy":"category","embeddable":true,"href":"http:\/\/oscarbribian.com\/index.php?rest_route=%2Fwp%2Fv2%2Fcategories&post=593"},{"taxonomy":"post_tag","embeddable":true,"href":"http:\/\/oscarbribian.com\/index.php?rest_route=%2Fwp%2Fv2%2Ftags&post=593"}],"curies":[{"name":"wp","href":"https:\/\/api.w.org\/{rel}","templated":true}]}}