{"id":601,"date":"2014-01-27T23:12:01","date_gmt":"2014-01-27T23:12:01","guid":{"rendered":"http:\/\/oscarbribian.com\/?p=601"},"modified":"2014-01-27T23:12:01","modified_gmt":"2014-01-27T23:12:01","slug":"mesa-redonda-escritores-policias-en-aragon-negro","status":"publish","type":"post","link":"http:\/\/oscarbribian.com\/?p=601","title":{"rendered":"Mesa redonda \u00abEscritores polic\u00edas\u00bb, en Arag\u00f3n negro"},"content":{"rendered":"<p>Hoy ha dado comienzo Arag\u00f3n Negro. Cine y literatura de g\u00e9nero negro a raudales.<br \/>\nPor mi parte, el s\u00e1bado d\u00eda 1, a las 12:00 en la Casa del Libro (C\/San Miguel, Zaragoza), participar\u00e9 junto al escritor\u00a0<a href=\"https:\/\/www.facebook.com\/esteban.navarro.soriano\" data-hovercard=\"\/ajax\/hovercard\/user.php?id=100003100260414&amp;extragetparams=%7B%22directed_target_id%22%3A0%7D\">Esteban Navarro<\/a>\u00a0y Eduardo Bayona en una mesa redonda: \u00abEscritores polic\u00edas\u00bb. \u00a1Espero que os interese y acud\u00e1is!<\/p>\n<p><a href=\"https:\/\/i0.wp.com\/oscarbribian.com\/wp-content\/uploads\/2014\/01\/aragonnegro580.jpg\"><img data-recalc-dims=\"1\" loading=\"lazy\" decoding=\"async\" data-attachment-id=\"603\" data-permalink=\"http:\/\/oscarbribian.com\/?attachment_id=603\" data-orig-file=\"https:\/\/i0.wp.com\/oscarbribian.com\/wp-content\/uploads\/2014\/01\/aragonnegro580.jpg?fit=580%2C628\" data-orig-size=\"580,628\" data-comments-opened=\"1\" data-image-meta=\"{&quot;aperture&quot;:&quot;0&quot;,&quot;credit&quot;:&quot;&quot;,&quot;camera&quot;:&quot;&quot;,&quot;caption&quot;:&quot;&quot;,&quot;created_timestamp&quot;:&quot;0&quot;,&quot;copyright&quot;:&quot;&quot;,&quot;focal_length&quot;:&quot;0&quot;,&quot;iso&quot;:&quot;0&quot;,&quot;shutter_speed&quot;:&quot;0&quot;,&quot;title&quot;:&quot;&quot;}\" data-image-title=\"aragonnegro580\" data-image-description=\"\" data-image-caption=\"\" data-large-file=\"https:\/\/i0.wp.com\/oscarbribian.com\/wp-content\/uploads\/2014\/01\/aragonnegro580.jpg?fit=580%2C628\" class=\"alignnone  wp-image-603\" alt=\"aragonnegro580\" src=\"https:\/\/i0.wp.com\/oscarbribian.com\/wp-content\/uploads\/2014\/01\/aragonnegro580.jpg?resize=348%2C377\" width=\"348\" height=\"377\" srcset=\"https:\/\/i0.wp.com\/oscarbribian.com\/wp-content\/uploads\/2014\/01\/aragonnegro580.jpg?w=580 580w, https:\/\/i0.wp.com\/oscarbribian.com\/wp-content\/uploads\/2014\/01\/aragonnegro580.jpg?resize=277%2C300 277w\" sizes=\"auto, (max-width: 348px) 100vw, 348px\" \/><\/a> <a href=\"https:\/\/i0.wp.com\/oscarbribian.com\/wp-content\/uploads\/2014\/01\/1013361_551738631607201_218578143_n.jpg\"><img data-recalc-dims=\"1\" loading=\"lazy\" decoding=\"async\" data-attachment-id=\"602\" data-permalink=\"http:\/\/oscarbribian.com\/?attachment_id=602\" data-orig-file=\"https:\/\/i0.wp.com\/oscarbribian.com\/wp-content\/uploads\/2014\/01\/1013361_551738631607201_218578143_n.jpg?fit=583%2C827\" data-orig-size=\"583,827\" data-comments-opened=\"1\" data-image-meta=\"{&quot;aperture&quot;:&quot;0&quot;,&quot;credit&quot;:&quot;&quot;,&quot;camera&quot;:&quot;&quot;,&quot;caption&quot;:&quot;&quot;,&quot;created_timestamp&quot;:&quot;0&quot;,&quot;copyright&quot;:&quot;&quot;,&quot;focal_length&quot;:&quot;0&quot;,&quot;iso&quot;:&quot;0&quot;,&quot;shutter_speed&quot;:&quot;0&quot;,&quot;title&quot;:&quot;&quot;}\" data-image-title=\"1013361_551738631607201_218578143_n\" data-image-description=\"\" data-image-caption=\"\" data-large-file=\"https:\/\/i0.wp.com\/oscarbribian.com\/wp-content\/uploads\/2014\/01\/1013361_551738631607201_218578143_n.jpg?fit=583%2C827\" class=\"alignnone  wp-image-602\" alt=\"1013361_551738631607201_218578143_n\" src=\"https:\/\/i0.wp.com\/oscarbribian.com\/wp-content\/uploads\/2014\/01\/1013361_551738631607201_218578143_n.jpg?resize=350%2C496\" width=\"350\" height=\"496\" srcset=\"https:\/\/i0.wp.com\/oscarbribian.com\/wp-content\/uploads\/2014\/01\/1013361_551738631607201_218578143_n.jpg?w=583 583w, https:\/\/i0.wp.com\/oscarbribian.com\/wp-content\/uploads\/2014\/01\/1013361_551738631607201_218578143_n.jpg?resize=211%2C300 211w\" sizes=\"auto, (max-width: 350px) 100vw, 350px\" \/><\/a><\/p>\n","protected":false},"excerpt":{"rendered":"<p>Hoy ha dado comienzo Arag\u00f3n Negro. Cine y literatura de g\u00e9nero negro a raudales. Por mi parte, el s\u00e1bado d\u00eda 1, a las 12:00 en la Casa del Libro (C\/San Miguel, Zaragoza), participar\u00e9 junto al escritor\u00a0Esteban Navarro\u00a0y Eduardo Bayona en &hellip; <a href=\"http:\/\/oscarbribian.com\/?p=601\">Sigue leyendo <span class=\"meta-nav\">&rarr;<\/span><\/a><\/p>\n","protected":false},"author":1,"featured_media":0,"comment_status":"open","ping_status":"open","sticky":false,"template":"","format":"standard","meta":{"jetpack_post_was_ever_published":false,"_jetpack_newsletter_access":"","_jetpack_dont_email_post_to_subs":false,"_jetpack_newsletter_tier_id":0,"_jetpack_memberships_contains_paywalled_content":false,"_jetpack_memberships_contains_paid_content":false,"footnotes":"","jetpack_publicize_message":"","jetpack_publicize_feature_enabled":true,"jetpack_social_post_already_shared":false,"jetpack_social_options":{"image_generator_settings":{"template":"highway","default_image_id":0,"font":"","enabled":false},"version":2}},"categories":[14],"tags":[],"class_list":["post-601","post","type-post","status-publish","format-standard","hentry","category-charlas-y-conferencias"],"jetpack_publicize_connections":[],"jetpack_featured_media_url":"","jetpack_sharing_enabled":true,"jetpack_shortlink":"https:\/\/wp.me\/p9NjCT-9H","jetpack_likes_enabled":true,"jetpack-related-posts":[],"_links":{"self":[{"href":"http:\/\/oscarbribian.com\/index.php?rest_route=\/wp\/v2\/posts\/601","targetHints":{"allow":["GET"]}}],"collection":[{"href":"http:\/\/oscarbribian.com\/index.php?rest_route=\/wp\/v2\/posts"}],"about":[{"href":"http:\/\/oscarbribian.com\/index.php?rest_route=\/wp\/v2\/types\/post"}],"author":[{"embeddable":true,"href":"http:\/\/oscarbribian.com\/index.php?rest_route=\/wp\/v2\/users\/1"}],"replies":[{"embeddable":true,"href":"http:\/\/oscarbribian.com\/index.php?rest_route=%2Fwp%2Fv2%2Fcomments&post=601"}],"version-history":[{"count":1,"href":"http:\/\/oscarbribian.com\/index.php?rest_route=\/wp\/v2\/posts\/601\/revisions"}],"predecessor-version":[{"id":604,"href":"http:\/\/oscarbribian.com\/index.php?rest_route=\/wp\/v2\/posts\/601\/revisions\/604"}],"wp:attachment":[{"href":"http:\/\/oscarbribian.com\/index.php?rest_route=%2Fwp%2Fv2%2Fmedia&parent=601"}],"wp:term":[{"taxonomy":"category","embeddable":true,"href":"http:\/\/oscarbribian.com\/index.php?rest_route=%2Fwp%2Fv2%2Fcategories&post=601"},{"taxonomy":"post_tag","embeddable":true,"href":"http:\/\/oscarbribian.com\/index.php?rest_route=%2Fwp%2Fv2%2Ftags&post=601"}],"curies":[{"name":"wp","href":"https:\/\/api.w.org\/{rel}","templated":true}]}}