{"id":606,"date":"2014-02-12T20:00:00","date_gmt":"2014-02-12T20:00:00","guid":{"rendered":"http:\/\/oscarbribian.com\/?p=606"},"modified":"2014-02-09T20:16:33","modified_gmt":"2014-02-09T20:16:33","slug":"escritores-policias-en-la-casa-del-libro","status":"publish","type":"post","link":"http:\/\/oscarbribian.com\/?p=606","title":{"rendered":"Escritores polic\u00edas en la Casa del Libro"},"content":{"rendered":"<p>&nbsp;<\/p>\n<p>&nbsp;<\/p>\n<p>&nbsp;<\/p>\n<p>El s\u00e1bado 1 de febrero estuve en la Casa del Libro de Zaragoza (C\/San Miguel) charlando sobre novela negra y escritores polic\u00edas, acompa\u00f1ado de otro compa\u00f1ero (Esteban Navarro) y el periodista Eduardo Bayona (especializado en sucesos). Juan Bolea hizo la presentaci\u00f3n, acudi\u00f3 bastante gente y fue una ma\u00f1ana muy agradable. \u00a1Incluso parece que los concurrentes se entretuvieron!<\/p>\n<p><a href=\"https:\/\/i0.wp.com\/oscarbribian.com\/wp-content\/uploads\/2014\/02\/2014_enero_escritores-policias_elperiodicodearagonB.jpg\"><img data-recalc-dims=\"1\" loading=\"lazy\" decoding=\"async\" data-attachment-id=\"608\" data-permalink=\"http:\/\/oscarbribian.com\/?attachment_id=608\" data-orig-file=\"https:\/\/i0.wp.com\/oscarbribian.com\/wp-content\/uploads\/2014\/02\/2014_enero_escritores-policias_elperiodicodearagonB.jpg?fit=773%2C717\" data-orig-size=\"773,717\" data-comments-opened=\"1\" data-image-meta=\"{&quot;aperture&quot;:&quot;0&quot;,&quot;credit&quot;:&quot;&quot;,&quot;camera&quot;:&quot;&quot;,&quot;caption&quot;:&quot;&quot;,&quot;created_timestamp&quot;:&quot;0&quot;,&quot;copyright&quot;:&quot;&quot;,&quot;focal_length&quot;:&quot;0&quot;,&quot;iso&quot;:&quot;0&quot;,&quot;shutter_speed&quot;:&quot;0&quot;,&quot;title&quot;:&quot;&quot;}\" data-image-title=\"2014_enero_escritores policias_elperiodicodearagonB\" data-image-description=\"\" data-image-caption=\"\" data-large-file=\"https:\/\/i0.wp.com\/oscarbribian.com\/wp-content\/uploads\/2014\/02\/2014_enero_escritores-policias_elperiodicodearagonB.jpg?fit=640%2C594\" class=\"alignnone size-full wp-image-608\" alt=\"2014_enero_escritores policias_elperiodicodearagonB\" src=\"https:\/\/i0.wp.com\/oscarbribian.com\/wp-content\/uploads\/2014\/02\/2014_enero_escritores-policias_elperiodicodearagonB.jpg?resize=640%2C594\" width=\"640\" height=\"594\" srcset=\"https:\/\/i0.wp.com\/oscarbribian.com\/wp-content\/uploads\/2014\/02\/2014_enero_escritores-policias_elperiodicodearagonB.jpg?w=773 773w, https:\/\/i0.wp.com\/oscarbribian.com\/wp-content\/uploads\/2014\/02\/2014_enero_escritores-policias_elperiodicodearagonB.jpg?resize=300%2C278 300w\" sizes=\"auto, (max-width: 640px) 100vw, 640px\" \/><\/a> <a href=\"https:\/\/i0.wp.com\/oscarbribian.com\/wp-content\/uploads\/2014\/02\/2014_enero_escritores-policias_elperiodicodearagon2.jpg\"><img data-recalc-dims=\"1\" loading=\"lazy\" decoding=\"async\" data-attachment-id=\"607\" data-permalink=\"http:\/\/oscarbribian.com\/?attachment_id=607\" data-orig-file=\"https:\/\/i0.wp.com\/oscarbribian.com\/wp-content\/uploads\/2014\/02\/2014_enero_escritores-policias_elperiodicodearagon2.jpg?fit=960%2C720\" data-orig-size=\"960,720\" data-comments-opened=\"1\" data-image-meta=\"{&quot;aperture&quot;:&quot;0&quot;,&quot;credit&quot;:&quot;&quot;,&quot;camera&quot;:&quot;&quot;,&quot;caption&quot;:&quot;&quot;,&quot;created_timestamp&quot;:&quot;0&quot;,&quot;copyright&quot;:&quot;&quot;,&quot;focal_length&quot;:&quot;0&quot;,&quot;iso&quot;:&quot;0&quot;,&quot;shutter_speed&quot;:&quot;0&quot;,&quot;title&quot;:&quot;&quot;}\" data-image-title=\"2014_enero_escritores policias_elperiodicodearagon2\" data-image-description=\"\" data-image-caption=\"\" data-large-file=\"https:\/\/i0.wp.com\/oscarbribian.com\/wp-content\/uploads\/2014\/02\/2014_enero_escritores-policias_elperiodicodearagon2.jpg?fit=640%2C480\" class=\"alignnone  wp-image-607\" alt=\"2014_enero_escritores policias_elperiodicodearagon2\" src=\"https:\/\/i0.wp.com\/oscarbribian.com\/wp-content\/uploads\/2014\/02\/2014_enero_escritores-policias_elperiodicodearagon2.jpg?resize=576%2C432\" width=\"576\" height=\"432\" srcset=\"https:\/\/i0.wp.com\/oscarbribian.com\/wp-content\/uploads\/2014\/02\/2014_enero_escritores-policias_elperiodicodearagon2.jpg?w=960 960w, https:\/\/i0.wp.com\/oscarbribian.com\/wp-content\/uploads\/2014\/02\/2014_enero_escritores-policias_elperiodicodearagon2.jpg?resize=300%2C225 300w\" sizes=\"auto, (max-width: 576px) 100vw, 576px\" \/><\/a><\/p>\n","protected":false},"excerpt":{"rendered":"<p>&nbsp; &nbsp; &nbsp; El s\u00e1bado 1 de febrero estuve en la Casa del Libro de Zaragoza (C\/San Miguel) charlando sobre novela negra y escritores polic\u00edas, acompa\u00f1ado de otro compa\u00f1ero (Esteban Navarro) y el periodista Eduardo Bayona (especializado en sucesos). Juan &hellip; <a href=\"http:\/\/oscarbribian.com\/?p=606\">Sigue leyendo <span class=\"meta-nav\">&rarr;<\/span><\/a><\/p>\n","protected":false},"author":1,"featured_media":0,"comment_status":"open","ping_status":"open","sticky":false,"template":"","format":"standard","meta":{"jetpack_post_was_ever_published":false,"_jetpack_newsletter_access":"","_jetpack_dont_email_post_to_subs":false,"_jetpack_newsletter_tier_id":0,"_jetpack_memberships_contains_paywalled_content":false,"_jetpack_memberships_contains_paid_content":false,"footnotes":"","jetpack_publicize_message":"","jetpack_publicize_feature_enabled":true,"jetpack_social_post_already_shared":false,"jetpack_social_options":{"image_generator_settings":{"template":"highway","default_image_id":0,"font":"","enabled":false},"version":2}},"categories":[14,5,1],"tags":[],"class_list":["post-606","post","type-post","status-publish","format-standard","hentry","category-charlas-y-conferencias","category-eventos","category-uncategorized"],"jetpack_publicize_connections":[],"jetpack_featured_media_url":"","jetpack_sharing_enabled":true,"jetpack_shortlink":"https:\/\/wp.me\/p9NjCT-9M","jetpack_likes_enabled":true,"jetpack-related-posts":[],"_links":{"self":[{"href":"http:\/\/oscarbribian.com\/index.php?rest_route=\/wp\/v2\/posts\/606","targetHints":{"allow":["GET"]}}],"collection":[{"href":"http:\/\/oscarbribian.com\/index.php?rest_route=\/wp\/v2\/posts"}],"about":[{"href":"http:\/\/oscarbribian.com\/index.php?rest_route=\/wp\/v2\/types\/post"}],"author":[{"embeddable":true,"href":"http:\/\/oscarbribian.com\/index.php?rest_route=\/wp\/v2\/users\/1"}],"replies":[{"embeddable":true,"href":"http:\/\/oscarbribian.com\/index.php?rest_route=%2Fwp%2Fv2%2Fcomments&post=606"}],"version-history":[{"count":1,"href":"http:\/\/oscarbribian.com\/index.php?rest_route=\/wp\/v2\/posts\/606\/revisions"}],"predecessor-version":[{"id":609,"href":"http:\/\/oscarbribian.com\/index.php?rest_route=\/wp\/v2\/posts\/606\/revisions\/609"}],"wp:attachment":[{"href":"http:\/\/oscarbribian.com\/index.php?rest_route=%2Fwp%2Fv2%2Fmedia&parent=606"}],"wp:term":[{"taxonomy":"category","embeddable":true,"href":"http:\/\/oscarbribian.com\/index.php?rest_route=%2Fwp%2Fv2%2Fcategories&post=606"},{"taxonomy":"post_tag","embeddable":true,"href":"http:\/\/oscarbribian.com\/index.php?rest_route=%2Fwp%2Fv2%2Ftags&post=606"}],"curies":[{"name":"wp","href":"https:\/\/api.w.org\/{rel}","templated":true}]}}