{"id":916,"date":"2014-10-03T21:09:49","date_gmt":"2014-10-03T19:09:49","guid":{"rendered":"http:\/\/oscarbribian.com\/?p=916"},"modified":"2014-10-03T21:10:48","modified_gmt":"2014-10-03T19:10:48","slug":"el-sueno-del-depredador-ya-a-la-venta","status":"publish","type":"post","link":"http:\/\/oscarbribian.com\/?p=916","title":{"rendered":"\u00abEL SUE\u00d1O DEL DEPREDADOR\u00bb, YA A LA VENTA"},"content":{"rendered":"<p>\u00abEl sue\u00f1o del depredador\u00bb\u00a0comienza su andadura. A partir del 6 de octubre estar\u00e1 en las principales librer\u00edas del pa\u00eds, incluyendo todas las Casas del Libro, FNAC, etc. Con un poco de antelaci\u00f3n, en la FNAC de Zaragoza ya est\u00e1n disponibles unos cuantos ejemplares en la secci\u00f3n \u00abNovedades\u00bb, como muestra la imagen.<\/p>\n<p><a href=\"https:\/\/i0.wp.com\/oscarbribian.com\/wp-content\/uploads\/2013\/03\/FNAC1sue%C3%B1o-del-depredador_bribian.jpg\"><img data-recalc-dims=\"1\" loading=\"lazy\" decoding=\"async\" data-attachment-id=\"914\" data-permalink=\"http:\/\/oscarbribian.com\/?attachment_id=914\" data-orig-file=\"https:\/\/i0.wp.com\/oscarbribian.com\/wp-content\/uploads\/2013\/03\/FNAC1sue%C3%B1o-del-depredador_bribian.jpg?fit=240%2C320\" data-orig-size=\"240,320\" data-comments-opened=\"1\" data-image-meta=\"{&quot;aperture&quot;:&quot;0&quot;,&quot;credit&quot;:&quot;&quot;,&quot;camera&quot;:&quot;&quot;,&quot;caption&quot;:&quot;&quot;,&quot;created_timestamp&quot;:&quot;0&quot;,&quot;copyright&quot;:&quot;&quot;,&quot;focal_length&quot;:&quot;0&quot;,&quot;iso&quot;:&quot;0&quot;,&quot;shutter_speed&quot;:&quot;0&quot;,&quot;title&quot;:&quot;&quot;,&quot;orientation&quot;:&quot;1&quot;}\" data-image-title=\"FNAC1sue\u00f1o del depredador_bribian\" data-image-description=\"\" data-image-caption=\"\" data-large-file=\"https:\/\/i0.wp.com\/oscarbribian.com\/wp-content\/uploads\/2013\/03\/FNAC1sue%C3%B1o-del-depredador_bribian.jpg?fit=240%2C320\" class=\"alignnone size-full wp-image-914\" src=\"https:\/\/i0.wp.com\/oscarbribian.com\/wp-content\/uploads\/2013\/03\/FNAC1sue%C3%B1o-del-depredador_bribian.jpg?resize=240%2C320\" alt=\"FNAC1sue\u00f1o del depredador_bribian\" width=\"240\" height=\"320\" srcset=\"https:\/\/i0.wp.com\/oscarbribian.com\/wp-content\/uploads\/2013\/03\/FNAC1sue%C3%B1o-del-depredador_bribian.jpg?w=240 240w, https:\/\/i0.wp.com\/oscarbribian.com\/wp-content\/uploads\/2013\/03\/FNAC1sue%C3%B1o-del-depredador_bribian.jpg?resize=225%2C300 225w\" sizes=\"auto, (max-width: 240px) 100vw, 240px\" \/><\/a><\/p>\n<p>De momento, la tourn\u00e9 de entrevistas en medios de prensa y eventos de octubre ser\u00e1 el siguiente:<\/p>\n<p>29\/09\/14 16:30 RNE Zaragoza (diferido y emitido a partir del d\u00eda 6)<\/p>\n<p>05\/10\/14 13:25 <span class=\"il\">Cadena<\/span> <span class=\"il\">Ser<\/span> Zaragoza (en directo). Programa \u00abA vivir Arag\u00f3n\u00bb<\/p>\n<p>06\/10\/14 11:30 Radio Ebro (directo)<\/p>\n<p>07\/06\/14 14:30 RNE- Programa \u00abTodos somos sospechosos\u00bb (diferido)<\/p>\n<p>17\/09\/14 Arag\u00f3n Televisi\u00f3n (directo). Programa: \u00abBuenos d\u00edas Arag\u00f3n\u00bb<\/p>\n<p>&nbsp;<\/p>\n<p>16\/10\/14 Presentaci\u00f3n en Zaragoza. Sala F\u00f3rum de Fnac Plaza Espa\u00f1a.<\/p>\n<p>17\/10\/14 Presentaci\u00f3n en Huesca. Librer\u00eda Santos Ochoa.<\/p>\n<p>25\/10\/14 Presentaci\u00f3n en Getafe Negro.<\/p>\n<p>&nbsp;<\/p>\n","protected":false},"excerpt":{"rendered":"<p>\u00abEl sue\u00f1o del depredador\u00bb\u00a0comienza su andadura. A partir del 6 de octubre estar\u00e1 en las principales librer\u00edas del pa\u00eds, incluyendo todas las Casas del Libro, FNAC, etc. Con un poco de antelaci\u00f3n, en la FNAC de Zaragoza ya est\u00e1n disponibles &hellip; <a href=\"http:\/\/oscarbribian.com\/?p=916\">Sigue leyendo <span class=\"meta-nav\">&rarr;<\/span><\/a><\/p>\n","protected":false},"author":1,"featured_media":914,"comment_status":"open","ping_status":"open","sticky":false,"template":"","format":"standard","meta":{"jetpack_post_was_ever_published":false,"_jetpack_newsletter_access":"","_jetpack_dont_email_post_to_subs":false,"_jetpack_newsletter_tier_id":0,"_jetpack_memberships_contains_paywalled_content":false,"_jetpack_memberships_contains_paid_content":false,"footnotes":"","jetpack_publicize_message":"","jetpack_publicize_feature_enabled":true,"jetpack_social_post_already_shared":false,"jetpack_social_options":{"image_generator_settings":{"template":"highway","default_image_id":0,"font":"","enabled":false},"version":2}},"categories":[59],"tags":[],"class_list":["post-916","post","type-post","status-publish","format-standard","has-post-thumbnail","hentry","category-el-sueno-del-depredador"],"jetpack_publicize_connections":[],"jetpack_featured_media_url":"https:\/\/i0.wp.com\/oscarbribian.com\/wp-content\/uploads\/2013\/03\/FNAC1sue%C3%B1o-del-depredador_bribian.jpg?fit=240%2C320","jetpack_sharing_enabled":true,"jetpack_shortlink":"https:\/\/wp.me\/p9NjCT-eM","jetpack_likes_enabled":true,"jetpack-related-posts":[],"_links":{"self":[{"href":"http:\/\/oscarbribian.com\/index.php?rest_route=\/wp\/v2\/posts\/916","targetHints":{"allow":["GET"]}}],"collection":[{"href":"http:\/\/oscarbribian.com\/index.php?rest_route=\/wp\/v2\/posts"}],"about":[{"href":"http:\/\/oscarbribian.com\/index.php?rest_route=\/wp\/v2\/types\/post"}],"author":[{"embeddable":true,"href":"http:\/\/oscarbribian.com\/index.php?rest_route=\/wp\/v2\/users\/1"}],"replies":[{"embeddable":true,"href":"http:\/\/oscarbribian.com\/index.php?rest_route=%2Fwp%2Fv2%2Fcomments&post=916"}],"version-history":[{"count":1,"href":"http:\/\/oscarbribian.com\/index.php?rest_route=\/wp\/v2\/posts\/916\/revisions"}],"predecessor-version":[{"id":917,"href":"http:\/\/oscarbribian.com\/index.php?rest_route=\/wp\/v2\/posts\/916\/revisions\/917"}],"wp:featuredmedia":[{"embeddable":true,"href":"http:\/\/oscarbribian.com\/index.php?rest_route=\/wp\/v2\/media\/914"}],"wp:attachment":[{"href":"http:\/\/oscarbribian.com\/index.php?rest_route=%2Fwp%2Fv2%2Fmedia&parent=916"}],"wp:term":[{"taxonomy":"category","embeddable":true,"href":"http:\/\/oscarbribian.com\/index.php?rest_route=%2Fwp%2Fv2%2Fcategories&post=916"},{"taxonomy":"post_tag","embeddable":true,"href":"http:\/\/oscarbribian.com\/index.php?rest_route=%2Fwp%2Fv2%2Ftags&post=916"}],"curies":[{"name":"wp","href":"https:\/\/api.w.org\/{rel}","templated":true}]}}