{"id":95,"date":"2013-01-16T20:22:00","date_gmt":"2013-01-16T20:22:00","guid":{"rendered":"http:\/\/oscarbribian.com\/?p=95"},"modified":"2013-03-30T11:56:45","modified_gmt":"2013-03-30T11:56:45","slug":"lecturas-en-la-campana-de-los-perdidos-2","status":"publish","type":"post","link":"http:\/\/oscarbribian.com\/?p=95","title":{"rendered":"Pr\u00f3ximas lecturas en La campana de los perdidos"},"content":{"rendered":"<div>El pr\u00f3ximo viernes 18 de enero de 2013 participar\u00e9 en el ciclo Relatos en la campana, leyendo 3 relatos ante los asistentes. Uno de ellos ser\u00e1 de humor negro, otro ser\u00e1 fant\u00e1stico al estilo de Cort\u00e1zar y el tercero lo ser\u00e1 m\u00e1s cercano a Dunsany.<\/div>\n<div>\u00a1Espero veros por all\u00ed a unos cuantos!<\/div>\n<div><\/div>\n<div><a href=\"https:\/\/i0.wp.com\/oscarbribian.com\/wp-content\/uploads\/2013\/03\/2013_01_lacampanadelosperdidos_relatos.jpg\"><img data-recalc-dims=\"1\" loading=\"lazy\" decoding=\"async\" data-attachment-id=\"495\" data-permalink=\"http:\/\/oscarbribian.com\/?attachment_id=495\" data-orig-file=\"https:\/\/i0.wp.com\/oscarbribian.com\/wp-content\/uploads\/2013\/03\/2013_01_lacampanadelosperdidos_relatos.jpg?fit=427%2C640\" data-orig-size=\"427,640\" data-comments-opened=\"1\" data-image-meta=\"{&quot;aperture&quot;:&quot;0&quot;,&quot;credit&quot;:&quot;&quot;,&quot;camera&quot;:&quot;&quot;,&quot;caption&quot;:&quot;&quot;,&quot;created_timestamp&quot;:&quot;0&quot;,&quot;copyright&quot;:&quot;&quot;,&quot;focal_length&quot;:&quot;0&quot;,&quot;iso&quot;:&quot;0&quot;,&quot;shutter_speed&quot;:&quot;0&quot;,&quot;title&quot;:&quot;&quot;}\" data-image-title=\"2013_01_lacampanadelosperdidos_relatos\" data-image-description=\"\" data-image-caption=\"\" data-large-file=\"https:\/\/i0.wp.com\/oscarbribian.com\/wp-content\/uploads\/2013\/03\/2013_01_lacampanadelosperdidos_relatos.jpg?fit=427%2C640\" class=\"alignnone  wp-image-495\" alt=\"2013_01_lacampanadelosperdidos_relatos\" src=\"https:\/\/i0.wp.com\/oscarbribian.com\/wp-content\/uploads\/2013\/03\/2013_01_lacampanadelosperdidos_relatos.jpg?resize=342%2C512\" width=\"342\" height=\"512\" srcset=\"https:\/\/i0.wp.com\/oscarbribian.com\/wp-content\/uploads\/2013\/03\/2013_01_lacampanadelosperdidos_relatos.jpg?w=427 427w, https:\/\/i0.wp.com\/oscarbribian.com\/wp-content\/uploads\/2013\/03\/2013_01_lacampanadelosperdidos_relatos.jpg?resize=200%2C300 200w\" sizes=\"auto, (max-width: 342px) 100vw, 342px\" \/><\/a><\/div>\n<p>&nbsp;<\/p>\n","protected":false},"excerpt":{"rendered":"<p>El pr\u00f3ximo viernes 18 de enero de 2013 participar\u00e9 en el ciclo Relatos en la campana, leyendo 3 relatos ante los asistentes. Uno de ellos ser\u00e1 de humor negro, otro ser\u00e1 fant\u00e1stico al estilo de Cort\u00e1zar y el tercero lo &hellip; <a href=\"http:\/\/oscarbribian.com\/?p=95\">Sigue leyendo <span class=\"meta-nav\">&rarr;<\/span><\/a><\/p>\n","protected":false},"author":1,"featured_media":0,"comment_status":"open","ping_status":"open","sticky":false,"template":"","format":"standard","meta":{"jetpack_post_was_ever_published":false,"_jetpack_newsletter_access":"","_jetpack_dont_email_post_to_subs":false,"_jetpack_newsletter_tier_id":0,"_jetpack_memberships_contains_paywalled_content":false,"_jetpack_memberships_contains_paid_content":false,"footnotes":"","jetpack_publicize_message":"","jetpack_publicize_feature_enabled":true,"jetpack_social_post_already_shared":false,"jetpack_social_options":{"image_generator_settings":{"template":"highway","default_image_id":0,"font":"","enabled":false},"version":2}},"categories":[5],"tags":[],"class_list":["post-95","post","type-post","status-publish","format-standard","hentry","category-eventos"],"jetpack_publicize_connections":[],"jetpack_featured_media_url":"","jetpack_sharing_enabled":true,"jetpack_shortlink":"https:\/\/wp.me\/p9NjCT-1x","jetpack_likes_enabled":true,"jetpack-related-posts":[],"_links":{"self":[{"href":"http:\/\/oscarbribian.com\/index.php?rest_route=\/wp\/v2\/posts\/95","targetHints":{"allow":["GET"]}}],"collection":[{"href":"http:\/\/oscarbribian.com\/index.php?rest_route=\/wp\/v2\/posts"}],"about":[{"href":"http:\/\/oscarbribian.com\/index.php?rest_route=\/wp\/v2\/types\/post"}],"author":[{"embeddable":true,"href":"http:\/\/oscarbribian.com\/index.php?rest_route=\/wp\/v2\/users\/1"}],"replies":[{"embeddable":true,"href":"http:\/\/oscarbribian.com\/index.php?rest_route=%2Fwp%2Fv2%2Fcomments&post=95"}],"version-history":[{"count":1,"href":"http:\/\/oscarbribian.com\/index.php?rest_route=\/wp\/v2\/posts\/95\/revisions"}],"predecessor-version":[{"id":504,"href":"http:\/\/oscarbribian.com\/index.php?rest_route=\/wp\/v2\/posts\/95\/revisions\/504"}],"wp:attachment":[{"href":"http:\/\/oscarbribian.com\/index.php?rest_route=%2Fwp%2Fv2%2Fmedia&parent=95"}],"wp:term":[{"taxonomy":"category","embeddable":true,"href":"http:\/\/oscarbribian.com\/index.php?rest_route=%2Fwp%2Fv2%2Fcategories&post=95"},{"taxonomy":"post_tag","embeddable":true,"href":"http:\/\/oscarbribian.com\/index.php?rest_route=%2Fwp%2Fv2%2Ftags&post=95"}],"curies":[{"name":"wp","href":"https:\/\/api.w.org\/{rel}","templated":true}]}}